{"id":95548,"date":"2020-10-07T19:58:27","date_gmt":"2020-10-07T17:58:27","guid":{"rendered":"https:\/\/www.maarkelsnieuws.nl\/?p=95548"},"modified":"2020-10-07T15:43:20","modified_gmt":"2020-10-07T13:43:20","slug":"onderzoek-herbestemming-martinuskerk","status":"publish","type":"post","link":"https:\/\/www.maarkelsnieuws.nl\/?p=95548","title":{"rendered":"Onderzoek herbestemming Martinuskerk"},"content":{"rendered":"<p><strong><a href=\"https:\/\/www.maarkelsnieuws.nl\/wp-content\/uploads\/2020\/10\/3820859D-738F-46C1-BC8F-DA6346320DA2.jpeg\"><img loading=\"lazy\" decoding=\"async\" class=\"aligncenter size-medium wp-image-95550\" src=\"https:\/\/www.maarkelsnieuws.nl\/wp-content\/uploads\/2020\/10\/3820859D-738F-46C1-BC8F-DA6346320DA2-600x338.jpeg\" alt=\"\" width=\"600\" height=\"338\" srcset=\"https:\/\/www.maarkelsnieuws.nl\/wp-content\/uploads\/2020\/10\/3820859D-738F-46C1-BC8F-DA6346320DA2-600x338.jpeg 600w, https:\/\/www.maarkelsnieuws.nl\/wp-content\/uploads\/2020\/10\/3820859D-738F-46C1-BC8F-DA6346320DA2-1024x576.jpeg 1024w, https:\/\/www.maarkelsnieuws.nl\/wp-content\/uploads\/2020\/10\/3820859D-738F-46C1-BC8F-DA6346320DA2-1536x864.jpeg 1536w, https:\/\/www.maarkelsnieuws.nl\/wp-content\/uploads\/2020\/10\/3820859D-738F-46C1-BC8F-DA6346320DA2.jpeg 1600w\" sizes=\"auto, (max-width: 600px) 100vw, 600px\" \/><\/a><\/strong><\/p>\n<p><strong>\u00a0Met de herinrichting van de Grotestraat en het Kerkplein in Markelo die voor alsnog gepland staan in 2021 komt de Martinuskerk centraler te staan in het dorp. Het zal niemand ontgaan zijn dat kerken in Nederland het moeilijk hebben door afnemend kerkbezoek, minder gemeenteleden en daardoor teruglopende inkomsten. De Martinuskerk is daarop geen uitzondering. Dit was een van de redenen voor de kerkenraad om zich opnieuw te ori\u00ebnteren op nevenactiviteiten (herbestemmingsmogelijkheden) van het kerkgebouw waardoor dit een waardevol en maatschappelijk functionerend gebouw blijft in het centrum van Markelo.<\/strong><!--more--><\/p>\n<p>Samen met studenten Dani\u00eblle van Coeverden, Wies Veenhuis, Britt Pelupessij en Hanna Landeweerd van de Jan des Bouvrie Academy wordt er gekeken naar de mogelijkheden. Daarbij ligt de focus voornamelijk op het vinden van nieuwe functies voor de kerk die kunnen bestaan naast de huidige kerkdiensten.<\/p>\n<p>Binnen dit project is een onderzoek uiteraard van groot belang. U als Markelo\u00ebr maakt hier deel van uit. &#8220;Samen met u kunnen wij inventariseren welke idee\u00ebn er leven ten aanzien van een tweede alternatieve invulling van het kerkgebouw. Dit onderzoek doen wij door middel van een enqu\u00eate. Wij vragen aan alle inwoners van Markelo om deze enqu\u00eate in te vullen, met als doel om van de kerk een breder maatschappelijk functionerend gebouw te maken&#8221;, geeft de studentengroep aan.<\/p>\n<p>Onderstaand treft u de link naar de enqu\u00eate aan. Deze bestaat uit zeven vragen en kost slechts \u00e9\u00e9n tot drie minuten van uw tijd. <a href=\"https:\/\/www.survio.com\/survey\/d\/B7A5S1R4H7Q3Q2Q2W\">https:\/\/www.survio.com\/survey\/d\/B7A5S1R4H7Q3Q2Q2W<\/a><\/p>\n","protected":false},"excerpt":{"rendered":"<p>\u00a0Met de herinrichting van de Grotestraat en het Kerkplein in Markelo die voor alsnog gepland staan in 2021 komt de Martinuskerk centraler te staan in het dorp. Het zal niemand ontgaan zijn dat kerken in Nederland het moeilijk hebben door afnemend kerkbezoek, minder gemeenteleden en daardoor teruglopende inkomsten. De Martinuskerk is daarop geen uitzondering. Dit [&hellip;]<\/p>\n","protected":false},"author":11,"featured_media":72675,"comment_status":"open","ping_status":"open","sticky":false,"template":"","format":"standard","meta":{"footnotes":""},"categories":[8],"tags":[],"class_list":["post-95548","post","type-post","status-publish","format-standard","has-post-thumbnail","hentry","category-c1-algemeen","frontpage-homepage","frontpage-slider"],"acf":[],"yoast_head":"<!-- This site is optimized with the Yoast SEO plugin v27.5 - https:\/\/yoast.com\/product\/yoast-seo-wordpress\/ -->\n<title>Onderzoek herbestemming Martinuskerk - Maarkelsnieuws.nl<\/title>\n<meta name=\"robots\" content=\"index, follow, max-snippet:-1, max-image-preview:large, max-video-preview:-1\" \/>\n<link rel=\"canonical\" href=\"https:\/\/www.maarkelsnieuws.nl\/?p=95548\" \/>\n<meta property=\"og:locale\" content=\"nl_NL\" \/>\n<meta property=\"og:type\" content=\"article\" \/>\n<meta property=\"og:title\" content=\"Onderzoek herbestemming Martinuskerk - Maarkelsnieuws.nl\" \/>\n<meta property=\"og:description\" content=\"\u00a0Met de herinrichting van de Grotestraat en het Kerkplein in Markelo die voor alsnog gepland staan in 2021 komt de Martinuskerk centraler te staan in het dorp. Het zal niemand ontgaan zijn dat kerken in Nederland het moeilijk hebben door afnemend kerkbezoek, minder gemeenteleden en daardoor teruglopende inkomsten. De Martinuskerk is daarop geen uitzondering. Dit [&hellip;]\" \/>\n<meta property=\"og:url\" content=\"https:\/\/www.maarkelsnieuws.nl\/?p=95548\" \/>\n<meta property=\"og:site_name\" content=\"Maarkelsnieuws.nl\" \/>\n<meta property=\"article:publisher\" content=\"https:\/\/www.facebook.com\/Maarkelsnieuws\" \/>\n<meta property=\"article:published_time\" content=\"2020-10-07T17:58:27+00:00\" \/>\n<meta property=\"og:image\" content=\"https:\/\/www.maarkelsnieuws.nl\/wp-content\/uploads\/2018\/07\/Open-Kerkdagen-Markelo_MMHN-20180712-4405-Custom.jpg\" \/>\n\t<meta property=\"og:image:width\" content=\"1024\" \/>\n\t<meta property=\"og:image:height\" content=\"683\" \/>\n\t<meta property=\"og:image:type\" content=\"image\/jpeg\" \/>\n<meta name=\"author\" content=\"Redactie18\" \/>\n<meta name=\"twitter:card\" content=\"summary_large_image\" \/>\n<meta name=\"twitter:creator\" content=\"@maarkelsnieuws\" \/>\n<meta name=\"twitter:site\" content=\"@maarkelsnieuws\" \/>\n<meta name=\"twitter:label1\" content=\"Geschreven door\" \/>\n\t<meta name=\"twitter:data1\" content=\"Redactie18\" \/>\n\t<meta name=\"twitter:label2\" content=\"Geschatte leestijd\" \/>\n\t<meta name=\"twitter:data2\" content=\"1 minuut\" \/>\n<script type=\"application\/ld+json\" class=\"yoast-schema-graph\">{\"@context\":\"https:\\\/\\\/schema.org\",\"@graph\":[{\"@type\":\"Article\",\"@id\":\"https:\\\/\\\/www.maarkelsnieuws.nl\\\/?p=95548#article\",\"isPartOf\":{\"@id\":\"https:\\\/\\\/www.maarkelsnieuws.nl\\\/?p=95548\"},\"author\":{\"name\":\"Redactie18\",\"@id\":\"https:\\\/\\\/www.maarkelsnieuws.nl\\\/#\\\/schema\\\/person\\\/6715aee3dd4a12203d38193f78a0dade\"},\"headline\":\"Onderzoek herbestemming Martinuskerk\",\"datePublished\":\"2020-10-07T17:58:27+00:00\",\"mainEntityOfPage\":{\"@id\":\"https:\\\/\\\/www.maarkelsnieuws.nl\\\/?p=95548\"},\"wordCount\":260,\"commentCount\":0,\"publisher\":{\"@id\":\"https:\\\/\\\/www.maarkelsnieuws.nl\\\/#organization\"},\"image\":{\"@id\":\"https:\\\/\\\/www.maarkelsnieuws.nl\\\/?p=95548#primaryimage\"},\"thumbnailUrl\":\"https:\\\/\\\/www.maarkelsnieuws.nl\\\/wp-content\\\/uploads\\\/2018\\\/07\\\/Open-Kerkdagen-Markelo_MMHN-20180712-4405-Custom.jpg\",\"articleSection\":[\"Algemeen\"],\"inLanguage\":\"nl-NL\",\"potentialAction\":[{\"@type\":\"CommentAction\",\"name\":\"Comment\",\"target\":[\"https:\\\/\\\/www.maarkelsnieuws.nl\\\/?p=95548#respond\"]}]},{\"@type\":\"WebPage\",\"@id\":\"https:\\\/\\\/www.maarkelsnieuws.nl\\\/?p=95548\",\"url\":\"https:\\\/\\\/www.maarkelsnieuws.nl\\\/?p=95548\",\"name\":\"Onderzoek herbestemming Martinuskerk - Maarkelsnieuws.nl\",\"isPartOf\":{\"@id\":\"https:\\\/\\\/www.maarkelsnieuws.nl\\\/#website\"},\"primaryImageOfPage\":{\"@id\":\"https:\\\/\\\/www.maarkelsnieuws.nl\\\/?p=95548#primaryimage\"},\"image\":{\"@id\":\"https:\\\/\\\/www.maarkelsnieuws.nl\\\/?p=95548#primaryimage\"},\"thumbnailUrl\":\"https:\\\/\\\/www.maarkelsnieuws.nl\\\/wp-content\\\/uploads\\\/2018\\\/07\\\/Open-Kerkdagen-Markelo_MMHN-20180712-4405-Custom.jpg\",\"datePublished\":\"2020-10-07T17:58:27+00:00\",\"breadcrumb\":{\"@id\":\"https:\\\/\\\/www.maarkelsnieuws.nl\\\/?p=95548#breadcrumb\"},\"inLanguage\":\"nl-NL\",\"potentialAction\":[{\"@type\":\"ReadAction\",\"target\":[\"https:\\\/\\\/www.maarkelsnieuws.nl\\\/?p=95548\"]}]},{\"@type\":\"ImageObject\",\"inLanguage\":\"nl-NL\",\"@id\":\"https:\\\/\\\/www.maarkelsnieuws.nl\\\/?p=95548#primaryimage\",\"url\":\"https:\\\/\\\/www.maarkelsnieuws.nl\\\/wp-content\\\/uploads\\\/2018\\\/07\\\/Open-Kerkdagen-Markelo_MMHN-20180712-4405-Custom.jpg\",\"contentUrl\":\"https:\\\/\\\/www.maarkelsnieuws.nl\\\/wp-content\\\/uploads\\\/2018\\\/07\\\/Open-Kerkdagen-Markelo_MMHN-20180712-4405-Custom.jpg\",\"width\":1024,\"height\":683},{\"@type\":\"BreadcrumbList\",\"@id\":\"https:\\\/\\\/www.maarkelsnieuws.nl\\\/?p=95548#breadcrumb\",\"itemListElement\":[{\"@type\":\"ListItem\",\"position\":1,\"name\":\"Home\",\"item\":\"https:\\\/\\\/www.maarkelsnieuws.nl\\\/\"},{\"@type\":\"ListItem\",\"position\":2,\"name\":\"Onderzoek herbestemming Martinuskerk\"}]},{\"@type\":\"WebSite\",\"@id\":\"https:\\\/\\\/www.maarkelsnieuws.nl\\\/#website\",\"url\":\"https:\\\/\\\/www.maarkelsnieuws.nl\\\/\",\"name\":\"Maarkelsnieuws.nl\",\"description\":\"D\u00e9 nieuwssite van en voor Markelo\",\"publisher\":{\"@id\":\"https:\\\/\\\/www.maarkelsnieuws.nl\\\/#organization\"},\"potentialAction\":[{\"@type\":\"SearchAction\",\"target\":{\"@type\":\"EntryPoint\",\"urlTemplate\":\"https:\\\/\\\/www.maarkelsnieuws.nl\\\/?s={search_term_string}\"},\"query-input\":{\"@type\":\"PropertyValueSpecification\",\"valueRequired\":true,\"valueName\":\"search_term_string\"}}],\"inLanguage\":\"nl-NL\"},{\"@type\":\"Organization\",\"@id\":\"https:\\\/\\\/www.maarkelsnieuws.nl\\\/#organization\",\"name\":\"Stichting Maarkelsnieuws\",\"alternateName\":\"Maarkelsnieuws\",\"url\":\"https:\\\/\\\/www.maarkelsnieuws.nl\\\/\",\"logo\":{\"@type\":\"ImageObject\",\"inLanguage\":\"nl-NL\",\"@id\":\"https:\\\/\\\/www.maarkelsnieuws.nl\\\/#\\\/schema\\\/logo\\\/image\\\/\",\"url\":\"https:\\\/\\\/www.maarkelsnieuws.nl\\\/wp-content\\\/uploads\\\/2016\\\/03\\\/maarkelsnieuws_logo.jpg\",\"contentUrl\":\"https:\\\/\\\/www.maarkelsnieuws.nl\\\/wp-content\\\/uploads\\\/2016\\\/03\\\/maarkelsnieuws_logo.jpg\",\"width\":200,\"height\":200,\"caption\":\"Stichting Maarkelsnieuws\"},\"image\":{\"@id\":\"https:\\\/\\\/www.maarkelsnieuws.nl\\\/#\\\/schema\\\/logo\\\/image\\\/\"},\"sameAs\":[\"https:\\\/\\\/www.facebook.com\\\/Maarkelsnieuws\",\"https:\\\/\\\/x.com\\\/maarkelsnieuws\",\"https:\\\/\\\/www.instagram.com\\\/maarkelsnieuws\\\/\"]},{\"@type\":\"Person\",\"@id\":\"https:\\\/\\\/www.maarkelsnieuws.nl\\\/#\\\/schema\\\/person\\\/6715aee3dd4a12203d38193f78a0dade\",\"name\":\"Redactie18\",\"image\":{\"@type\":\"ImageObject\",\"inLanguage\":\"nl-NL\",\"@id\":\"https:\\\/\\\/secure.gravatar.com\\\/avatar\\\/7cfe6c5d96338641fbb59a6390b6879e1e94fdeadbba58cda35fd2ff247f03dc?s=96&d=mm&r=g\",\"url\":\"https:\\\/\\\/secure.gravatar.com\\\/avatar\\\/7cfe6c5d96338641fbb59a6390b6879e1e94fdeadbba58cda35fd2ff247f03dc?s=96&d=mm&r=g\",\"contentUrl\":\"https:\\\/\\\/secure.gravatar.com\\\/avatar\\\/7cfe6c5d96338641fbb59a6390b6879e1e94fdeadbba58cda35fd2ff247f03dc?s=96&d=mm&r=g\",\"caption\":\"Redactie18\"},\"url\":\"https:\\\/\\\/www.maarkelsnieuws.nl\\\/?author=11\"}]}<\/script>\n<!-- \/ Yoast SEO plugin. -->","yoast_head_json":{"title":"Onderzoek herbestemming Martinuskerk - Maarkelsnieuws.nl","robots":{"index":"index","follow":"follow","max-snippet":"max-snippet:-1","max-image-preview":"max-image-preview:large","max-video-preview":"max-video-preview:-1"},"canonical":"https:\/\/www.maarkelsnieuws.nl\/?p=95548","og_locale":"nl_NL","og_type":"article","og_title":"Onderzoek herbestemming Martinuskerk - Maarkelsnieuws.nl","og_description":"\u00a0Met de herinrichting van de Grotestraat en het Kerkplein in Markelo die voor alsnog gepland staan in 2021 komt de Martinuskerk centraler te staan in het dorp. Het zal niemand ontgaan zijn dat kerken in Nederland het moeilijk hebben door afnemend kerkbezoek, minder gemeenteleden en daardoor teruglopende inkomsten. De Martinuskerk is daarop geen uitzondering. Dit [&hellip;]","og_url":"https:\/\/www.maarkelsnieuws.nl\/?p=95548","og_site_name":"Maarkelsnieuws.nl","article_publisher":"https:\/\/www.facebook.com\/Maarkelsnieuws","article_published_time":"2020-10-07T17:58:27+00:00","og_image":[{"width":1024,"height":683,"url":"https:\/\/www.maarkelsnieuws.nl\/wp-content\/uploads\/2018\/07\/Open-Kerkdagen-Markelo_MMHN-20180712-4405-Custom.jpg","type":"image\/jpeg"}],"author":"Redactie18","twitter_card":"summary_large_image","twitter_creator":"@maarkelsnieuws","twitter_site":"@maarkelsnieuws","twitter_misc":{"Geschreven door":"Redactie18","Geschatte leestijd":"1 minuut"},"schema":{"@context":"https:\/\/schema.org","@graph":[{"@type":"Article","@id":"https:\/\/www.maarkelsnieuws.nl\/?p=95548#article","isPartOf":{"@id":"https:\/\/www.maarkelsnieuws.nl\/?p=95548"},"author":{"name":"Redactie18","@id":"https:\/\/www.maarkelsnieuws.nl\/#\/schema\/person\/6715aee3dd4a12203d38193f78a0dade"},"headline":"Onderzoek herbestemming Martinuskerk","datePublished":"2020-10-07T17:58:27+00:00","mainEntityOfPage":{"@id":"https:\/\/www.maarkelsnieuws.nl\/?p=95548"},"wordCount":260,"commentCount":0,"publisher":{"@id":"https:\/\/www.maarkelsnieuws.nl\/#organization"},"image":{"@id":"https:\/\/www.maarkelsnieuws.nl\/?p=95548#primaryimage"},"thumbnailUrl":"https:\/\/www.maarkelsnieuws.nl\/wp-content\/uploads\/2018\/07\/Open-Kerkdagen-Markelo_MMHN-20180712-4405-Custom.jpg","articleSection":["Algemeen"],"inLanguage":"nl-NL","potentialAction":[{"@type":"CommentAction","name":"Comment","target":["https:\/\/www.maarkelsnieuws.nl\/?p=95548#respond"]}]},{"@type":"WebPage","@id":"https:\/\/www.maarkelsnieuws.nl\/?p=95548","url":"https:\/\/www.maarkelsnieuws.nl\/?p=95548","name":"Onderzoek herbestemming Martinuskerk - Maarkelsnieuws.nl","isPartOf":{"@id":"https:\/\/www.maarkelsnieuws.nl\/#website"},"primaryImageOfPage":{"@id":"https:\/\/www.maarkelsnieuws.nl\/?p=95548#primaryimage"},"image":{"@id":"https:\/\/www.maarkelsnieuws.nl\/?p=95548#primaryimage"},"thumbnailUrl":"https:\/\/www.maarkelsnieuws.nl\/wp-content\/uploads\/2018\/07\/Open-Kerkdagen-Markelo_MMHN-20180712-4405-Custom.jpg","datePublished":"2020-10-07T17:58:27+00:00","breadcrumb":{"@id":"https:\/\/www.maarkelsnieuws.nl\/?p=95548#breadcrumb"},"inLanguage":"nl-NL","potentialAction":[{"@type":"ReadAction","target":["https:\/\/www.maarkelsnieuws.nl\/?p=95548"]}]},{"@type":"ImageObject","inLanguage":"nl-NL","@id":"https:\/\/www.maarkelsnieuws.nl\/?p=95548#primaryimage","url":"https:\/\/www.maarkelsnieuws.nl\/wp-content\/uploads\/2018\/07\/Open-Kerkdagen-Markelo_MMHN-20180712-4405-Custom.jpg","contentUrl":"https:\/\/www.maarkelsnieuws.nl\/wp-content\/uploads\/2018\/07\/Open-Kerkdagen-Markelo_MMHN-20180712-4405-Custom.jpg","width":1024,"height":683},{"@type":"BreadcrumbList","@id":"https:\/\/www.maarkelsnieuws.nl\/?p=95548#breadcrumb","itemListElement":[{"@type":"ListItem","position":1,"name":"Home","item":"https:\/\/www.maarkelsnieuws.nl\/"},{"@type":"ListItem","position":2,"name":"Onderzoek herbestemming Martinuskerk"}]},{"@type":"WebSite","@id":"https:\/\/www.maarkelsnieuws.nl\/#website","url":"https:\/\/www.maarkelsnieuws.nl\/","name":"Maarkelsnieuws.nl","description":"D\u00e9 nieuwssite van en voor Markelo","publisher":{"@id":"https:\/\/www.maarkelsnieuws.nl\/#organization"},"potentialAction":[{"@type":"SearchAction","target":{"@type":"EntryPoint","urlTemplate":"https:\/\/www.maarkelsnieuws.nl\/?s={search_term_string}"},"query-input":{"@type":"PropertyValueSpecification","valueRequired":true,"valueName":"search_term_string"}}],"inLanguage":"nl-NL"},{"@type":"Organization","@id":"https:\/\/www.maarkelsnieuws.nl\/#organization","name":"Stichting Maarkelsnieuws","alternateName":"Maarkelsnieuws","url":"https:\/\/www.maarkelsnieuws.nl\/","logo":{"@type":"ImageObject","inLanguage":"nl-NL","@id":"https:\/\/www.maarkelsnieuws.nl\/#\/schema\/logo\/image\/","url":"https:\/\/www.maarkelsnieuws.nl\/wp-content\/uploads\/2016\/03\/maarkelsnieuws_logo.jpg","contentUrl":"https:\/\/www.maarkelsnieuws.nl\/wp-content\/uploads\/2016\/03\/maarkelsnieuws_logo.jpg","width":200,"height":200,"caption":"Stichting Maarkelsnieuws"},"image":{"@id":"https:\/\/www.maarkelsnieuws.nl\/#\/schema\/logo\/image\/"},"sameAs":["https:\/\/www.facebook.com\/Maarkelsnieuws","https:\/\/x.com\/maarkelsnieuws","https:\/\/www.instagram.com\/maarkelsnieuws\/"]},{"@type":"Person","@id":"https:\/\/www.maarkelsnieuws.nl\/#\/schema\/person\/6715aee3dd4a12203d38193f78a0dade","name":"Redactie18","image":{"@type":"ImageObject","inLanguage":"nl-NL","@id":"https:\/\/secure.gravatar.com\/avatar\/7cfe6c5d96338641fbb59a6390b6879e1e94fdeadbba58cda35fd2ff247f03dc?s=96&d=mm&r=g","url":"https:\/\/secure.gravatar.com\/avatar\/7cfe6c5d96338641fbb59a6390b6879e1e94fdeadbba58cda35fd2ff247f03dc?s=96&d=mm&r=g","contentUrl":"https:\/\/secure.gravatar.com\/avatar\/7cfe6c5d96338641fbb59a6390b6879e1e94fdeadbba58cda35fd2ff247f03dc?s=96&d=mm&r=g","caption":"Redactie18"},"url":"https:\/\/www.maarkelsnieuws.nl\/?author=11"}]}},"_links":{"self":[{"href":"https:\/\/www.maarkelsnieuws.nl\/index.php?rest_route=\/wp\/v2\/posts\/95548","targetHints":{"allow":["GET"]}}],"collection":[{"href":"https:\/\/www.maarkelsnieuws.nl\/index.php?rest_route=\/wp\/v2\/posts"}],"about":[{"href":"https:\/\/www.maarkelsnieuws.nl\/index.php?rest_route=\/wp\/v2\/types\/post"}],"author":[{"embeddable":true,"href":"https:\/\/www.maarkelsnieuws.nl\/index.php?rest_route=\/wp\/v2\/users\/11"}],"replies":[{"embeddable":true,"href":"https:\/\/www.maarkelsnieuws.nl\/index.php?rest_route=%2Fwp%2Fv2%2Fcomments&post=95548"}],"version-history":[{"count":4,"href":"https:\/\/www.maarkelsnieuws.nl\/index.php?rest_route=\/wp\/v2\/posts\/95548\/revisions"}],"predecessor-version":[{"id":95597,"href":"https:\/\/www.maarkelsnieuws.nl\/index.php?rest_route=\/wp\/v2\/posts\/95548\/revisions\/95597"}],"wp:featuredmedia":[{"embeddable":true,"href":"https:\/\/www.maarkelsnieuws.nl\/index.php?rest_route=\/wp\/v2\/media\/72675"}],"wp:attachment":[{"href":"https:\/\/www.maarkelsnieuws.nl\/index.php?rest_route=%2Fwp%2Fv2%2Fmedia&parent=95548"}],"wp:term":[{"taxonomy":"category","embeddable":true,"href":"https:\/\/www.maarkelsnieuws.nl\/index.php?rest_route=%2Fwp%2Fv2%2Fcategories&post=95548"},{"taxonomy":"post_tag","embeddable":true,"href":"https:\/\/www.maarkelsnieuws.nl\/index.php?rest_route=%2Fwp%2Fv2%2Ftags&post=95548"}],"curies":[{"name":"wp","href":"https:\/\/api.w.org\/{rel}","templated":true}]}}