{"id":23375,"date":"2015-05-11T08:00:41","date_gmt":"2015-05-11T06:00:41","guid":{"rendered":"http:\/\/www.maarkelsnieuws.nl\/?p=23375"},"modified":"2015-05-11T14:31:48","modified_gmt":"2015-05-11T12:31:48","slug":"open-huis-pedicuresalon-saskia-en-lieche-beaute","status":"publish","type":"post","link":"https:\/\/www.maarkelsnieuws.nl\/?p=23375","title":{"rendered":"Open huis Pedicuresalon Saskia en Liech\u00e9 Beaut\u00e9"},"content":{"rendered":"<p><strong><a href=\"https:\/\/www.facebook.com\/PedicuresalonSaskia?fref=ts\" target=\"_blank\">Pedicuresalon Saskia<\/a> en <a href=\"https:\/\/www.facebook.com\/LiecheBeaute?fref=ts\" target=\"_blank\">Schoonheidssalon Liech\u00e9 Beaut\u00e9<\/a> gaan binnenkort gezamenlijk een praktijk betrekken in \u2019n Veernhof aan de Prinses Irenestraat 9 te Markelo. Lieke Scholte in \u2019t Hoff is in maart 2014 een salon aan huis begonnen aan het Smitjan. Samen met haar overbuurvrouw Saskia Oostdijk, die als ambulant pedicure werkzaam is, hebben beide dames de stap genomen naar een eigen gezamenlijke praktijkruimte buitenshuis. Op zaterdag 16 mei\u00a02015 houden zij open huis. U bent van harte welkom om tussen 10.00 en 15.00 uur een kijkje te komen nemen onder het genot van een hapje en een drankje.<\/strong><\/p>\n<p><a href=\"http:\/\/www.maarkelsnieuws.nl\/wp-content\/uploads\/2015\/05\/Foto-Saskia-en-Lieke-Small-e1431172700464.jpg\"><img loading=\"lazy\" decoding=\"async\" class=\"aligncenter wp-image-23372 size-medium\" src=\"http:\/\/www.maarkelsnieuws.nl\/wp-content\/uploads\/2015\/05\/Foto-Saskia-en-Lieke-Small-e1431172700464-169x300.jpg\" alt=\"Foto Saskia en Lieke (Small)\" width=\"169\" height=\"300\" srcset=\"https:\/\/www.maarkelsnieuws.nl\/wp-content\/uploads\/2015\/05\/Foto-Saskia-en-Lieke-Small-e1431172700464-169x300.jpg 169w, https:\/\/www.maarkelsnieuws.nl\/wp-content\/uploads\/2015\/05\/Foto-Saskia-en-Lieke-Small-e1431172700464.jpg 480w\" sizes=\"auto, (max-width: 169px) 100vw, 169px\" \/><\/a><\/p>\n<p><!--more-->Vanaf september 2013 is Saskia actief als ambulant pedicure en ook nu zal ze haar klanten aan huis blijven bezoeken, maar daarnaast kan men voortaan bij haar in de salon in \u2019n Veernhof terecht. Inmiddels is Saskia begonnen aan de opleiding tot medisch pedicure. Ze kan mensen met o.a. diabetes en reuma helpen. De onderdelen drukvrij leggen en nagelregulatie heeft ze inmiddels succesvol afgerond.<\/p>\n<p><a href=\"http:\/\/www.maarkelsnieuws.nl\/wp-content\/uploads\/2015\/05\/Logo-Pedicure-Saskia.jpg\"><img loading=\"lazy\" decoding=\"async\" class=\"aligncenter  wp-image-23374\" src=\"http:\/\/www.maarkelsnieuws.nl\/wp-content\/uploads\/2015\/05\/Logo-Pedicure-Saskia-300x150.jpg\" alt=\"Logo PsSaskia\" width=\"306\" height=\"153\" srcset=\"https:\/\/www.maarkelsnieuws.nl\/wp-content\/uploads\/2015\/05\/Logo-Pedicure-Saskia-300x150.jpg 300w, https:\/\/www.maarkelsnieuws.nl\/wp-content\/uploads\/2015\/05\/Logo-Pedicure-Saskia-1024x512.jpg 1024w\" sizes=\"auto, (max-width: 306px) 100vw, 306px\" \/><\/a>Allround schoonheidsspecialiste Lieke probeert zich te onderscheiden in haar vak door een eigen draai aan de behandelingen te geven, waarbij u volledig tot rust komt en dus lekker kunt ontspannen. Lieke gaat in \u2019n Veernhof werken met een ander huidverzorgingsmerk en met nieuwe cosmeticaproducten.<br \/>\n<a href=\"http:\/\/www.maarkelsnieuws.nl\/wp-content\/uploads\/2015\/05\/Logo-Lieche-Beaute.jpg\"><img loading=\"lazy\" decoding=\"async\" class=\"aligncenter wp-image-23373 size-thumbnail\" src=\"http:\/\/www.maarkelsnieuws.nl\/wp-content\/uploads\/2015\/05\/Logo-Lieche-Beaute-150x150.jpg\" alt=\"Logo Lieche Beaute\" width=\"150\" height=\"150\" srcset=\"https:\/\/www.maarkelsnieuws.nl\/wp-content\/uploads\/2015\/05\/Logo-Lieche-Beaute-150x150.jpg 150w, https:\/\/www.maarkelsnieuws.nl\/wp-content\/uploads\/2015\/05\/Logo-Lieche-Beaute-300x300.jpg 300w, https:\/\/www.maarkelsnieuws.nl\/wp-content\/uploads\/2015\/05\/Logo-Lieche-Beaute-125x125.jpg 125w, https:\/\/www.maarkelsnieuws.nl\/wp-content\/uploads\/2015\/05\/Logo-Lieche-Beaute-192x192.jpg 192w, https:\/\/www.maarkelsnieuws.nl\/wp-content\/uploads\/2015\/05\/Logo-Lieche-Beaute.jpg 750w\" sizes=\"auto, (max-width: 150px) 100vw, 150px\" \/><\/a><\/p>\n<p>Voor een afspraak of verdere informatie kunt u kijken op de websites van <a href=\"http:\/\/www.liechebeaute.nl\/\" target=\"_blank\">Liech\u00e9 Beaut\u00e9 <\/a>en <a href=\"http:\/\/pedicuresalonsaskia.nl\/\" target=\"_blank\">Pedicuresalon Saskia<\/a>.<\/p>\n","protected":false},"excerpt":{"rendered":"<p>Pedicuresalon Saskia en Schoonheidssalon Liech\u00e9 Beaut\u00e9 gaan binnenkort gezamenlijk een praktijk betrekken in \u2019n Veernhof aan de Prinses Irenestraat 9 te Markelo. Lieke Scholte in \u2019t Hoff is in maart 2014 een salon aan huis begonnen aan het Smitjan. Samen met haar overbuurvrouw Saskia Oostdijk, die als ambulant pedicure werkzaam is, hebben beide dames de [&hellip;]<\/p>\n","protected":false},"author":15,"featured_media":23372,"comment_status":"open","ping_status":"open","sticky":false,"template":"","format":"standard","meta":{"footnotes":""},"categories":[12],"tags":[1446,1447,1448],"class_list":["post-23375","post","type-post","status-publish","format-standard","has-post-thumbnail","hentry","category-c7-markelo-in-bedrijf","tag-lieche-beaute","tag-lieke","tag-pedicure-saskia","frontpage-homepage","frontpage-slider"],"acf":[],"yoast_head":"<!-- This site is optimized with the Yoast SEO plugin v27.5 - https:\/\/yoast.com\/product\/yoast-seo-wordpress\/ -->\n<title>Open huis Pedicuresalon Saskia en Liech\u00e9 Beaut\u00e9 - Maarkelsnieuws.nl<\/title>\n<meta name=\"robots\" content=\"index, follow, max-snippet:-1, max-image-preview:large, max-video-preview:-1\" \/>\n<link rel=\"canonical\" href=\"https:\/\/www.maarkelsnieuws.nl\/?p=23375\" \/>\n<meta property=\"og:locale\" content=\"nl_NL\" \/>\n<meta property=\"og:type\" content=\"article\" \/>\n<meta property=\"og:title\" content=\"Open huis Pedicuresalon Saskia en Liech\u00e9 Beaut\u00e9 - Maarkelsnieuws.nl\" \/>\n<meta property=\"og:description\" content=\"Pedicuresalon Saskia en Schoonheidssalon Liech\u00e9 Beaut\u00e9 gaan binnenkort gezamenlijk een praktijk betrekken in \u2019n Veernhof aan de Prinses Irenestraat 9 te Markelo. Lieke Scholte in \u2019t Hoff is in maart 2014 een salon aan huis begonnen aan het Smitjan. Samen met haar overbuurvrouw Saskia Oostdijk, die als ambulant pedicure werkzaam is, hebben beide dames de [&hellip;]\" \/>\n<meta property=\"og:url\" content=\"https:\/\/www.maarkelsnieuws.nl\/?p=23375\" \/>\n<meta property=\"og:site_name\" content=\"Maarkelsnieuws.nl\" \/>\n<meta property=\"article:publisher\" content=\"https:\/\/www.facebook.com\/Maarkelsnieuws\" \/>\n<meta property=\"article:published_time\" content=\"2015-05-11T06:00:41+00:00\" \/>\n<meta property=\"article:modified_time\" content=\"2015-05-11T12:31:48+00:00\" \/>\n<meta property=\"og:image\" content=\"https:\/\/www.maarkelsnieuws.nl\/wp-content\/uploads\/2015\/05\/Foto-Saskia-en-Lieke-Small-e1431172700464.jpg\" \/>\n\t<meta property=\"og:image:width\" content=\"480\" \/>\n\t<meta property=\"og:image:height\" content=\"852\" \/>\n\t<meta property=\"og:image:type\" content=\"image\/jpeg\" \/>\n<meta name=\"author\" content=\"Redactie9\" \/>\n<meta name=\"twitter:card\" content=\"summary_large_image\" \/>\n<meta name=\"twitter:creator\" content=\"@maarkelsnieuws\" \/>\n<meta name=\"twitter:site\" content=\"@maarkelsnieuws\" \/>\n<meta name=\"twitter:label1\" content=\"Geschreven door\" \/>\n\t<meta name=\"twitter:data1\" content=\"Redactie9\" \/>\n\t<meta name=\"twitter:label2\" content=\"Geschatte leestijd\" \/>\n\t<meta name=\"twitter:data2\" content=\"1 minuut\" \/>\n<script type=\"application\/ld+json\" class=\"yoast-schema-graph\">{\"@context\":\"https:\\\/\\\/schema.org\",\"@graph\":[{\"@type\":\"Article\",\"@id\":\"https:\\\/\\\/www.maarkelsnieuws.nl\\\/?p=23375#article\",\"isPartOf\":{\"@id\":\"https:\\\/\\\/www.maarkelsnieuws.nl\\\/?p=23375\"},\"author\":{\"name\":\"Redactie9\",\"@id\":\"https:\\\/\\\/www.maarkelsnieuws.nl\\\/#\\\/schema\\\/person\\\/fd02d2c5f2dec1433a30327293a4b6fb\"},\"headline\":\"Open huis Pedicuresalon Saskia en Liech\u00e9 Beaut\u00e9\",\"datePublished\":\"2015-05-11T06:00:41+00:00\",\"dateModified\":\"2015-05-11T12:31:48+00:00\",\"mainEntityOfPage\":{\"@id\":\"https:\\\/\\\/www.maarkelsnieuws.nl\\\/?p=23375\"},\"wordCount\":224,\"commentCount\":0,\"publisher\":{\"@id\":\"https:\\\/\\\/www.maarkelsnieuws.nl\\\/#organization\"},\"image\":{\"@id\":\"https:\\\/\\\/www.maarkelsnieuws.nl\\\/?p=23375#primaryimage\"},\"thumbnailUrl\":\"https:\\\/\\\/www.maarkelsnieuws.nl\\\/wp-content\\\/uploads\\\/2015\\\/05\\\/Foto-Saskia-en-Lieke-Small-e1431172700464.jpg\",\"keywords\":[\"lieche beaute\",\"lieke\",\"pedicure saskia\"],\"articleSection\":[\"Markelo in bedrijf\"],\"inLanguage\":\"nl-NL\",\"potentialAction\":[{\"@type\":\"CommentAction\",\"name\":\"Comment\",\"target\":[\"https:\\\/\\\/www.maarkelsnieuws.nl\\\/?p=23375#respond\"]}]},{\"@type\":\"WebPage\",\"@id\":\"https:\\\/\\\/www.maarkelsnieuws.nl\\\/?p=23375\",\"url\":\"https:\\\/\\\/www.maarkelsnieuws.nl\\\/?p=23375\",\"name\":\"Open huis Pedicuresalon Saskia en Liech\u00e9 Beaut\u00e9 - Maarkelsnieuws.nl\",\"isPartOf\":{\"@id\":\"https:\\\/\\\/www.maarkelsnieuws.nl\\\/#website\"},\"primaryImageOfPage\":{\"@id\":\"https:\\\/\\\/www.maarkelsnieuws.nl\\\/?p=23375#primaryimage\"},\"image\":{\"@id\":\"https:\\\/\\\/www.maarkelsnieuws.nl\\\/?p=23375#primaryimage\"},\"thumbnailUrl\":\"https:\\\/\\\/www.maarkelsnieuws.nl\\\/wp-content\\\/uploads\\\/2015\\\/05\\\/Foto-Saskia-en-Lieke-Small-e1431172700464.jpg\",\"datePublished\":\"2015-05-11T06:00:41+00:00\",\"dateModified\":\"2015-05-11T12:31:48+00:00\",\"breadcrumb\":{\"@id\":\"https:\\\/\\\/www.maarkelsnieuws.nl\\\/?p=23375#breadcrumb\"},\"inLanguage\":\"nl-NL\",\"potentialAction\":[{\"@type\":\"ReadAction\",\"target\":[\"https:\\\/\\\/www.maarkelsnieuws.nl\\\/?p=23375\"]}]},{\"@type\":\"ImageObject\",\"inLanguage\":\"nl-NL\",\"@id\":\"https:\\\/\\\/www.maarkelsnieuws.nl\\\/?p=23375#primaryimage\",\"url\":\"https:\\\/\\\/www.maarkelsnieuws.nl\\\/wp-content\\\/uploads\\\/2015\\\/05\\\/Foto-Saskia-en-Lieke-Small-e1431172700464.jpg\",\"contentUrl\":\"https:\\\/\\\/www.maarkelsnieuws.nl\\\/wp-content\\\/uploads\\\/2015\\\/05\\\/Foto-Saskia-en-Lieke-Small-e1431172700464.jpg\",\"width\":480,\"height\":852},{\"@type\":\"BreadcrumbList\",\"@id\":\"https:\\\/\\\/www.maarkelsnieuws.nl\\\/?p=23375#breadcrumb\",\"itemListElement\":[{\"@type\":\"ListItem\",\"position\":1,\"name\":\"Home\",\"item\":\"https:\\\/\\\/www.maarkelsnieuws.nl\\\/\"},{\"@type\":\"ListItem\",\"position\":2,\"name\":\"Open huis Pedicuresalon Saskia en Liech\u00e9 Beaut\u00e9\"}]},{\"@type\":\"WebSite\",\"@id\":\"https:\\\/\\\/www.maarkelsnieuws.nl\\\/#website\",\"url\":\"https:\\\/\\\/www.maarkelsnieuws.nl\\\/\",\"name\":\"Maarkelsnieuws.nl\",\"description\":\"D\u00e9 nieuwssite van en voor Markelo\",\"publisher\":{\"@id\":\"https:\\\/\\\/www.maarkelsnieuws.nl\\\/#organization\"},\"potentialAction\":[{\"@type\":\"SearchAction\",\"target\":{\"@type\":\"EntryPoint\",\"urlTemplate\":\"https:\\\/\\\/www.maarkelsnieuws.nl\\\/?s={search_term_string}\"},\"query-input\":{\"@type\":\"PropertyValueSpecification\",\"valueRequired\":true,\"valueName\":\"search_term_string\"}}],\"inLanguage\":\"nl-NL\"},{\"@type\":\"Organization\",\"@id\":\"https:\\\/\\\/www.maarkelsnieuws.nl\\\/#organization\",\"name\":\"Stichting Maarkelsnieuws\",\"alternateName\":\"Maarkelsnieuws\",\"url\":\"https:\\\/\\\/www.maarkelsnieuws.nl\\\/\",\"logo\":{\"@type\":\"ImageObject\",\"inLanguage\":\"nl-NL\",\"@id\":\"https:\\\/\\\/www.maarkelsnieuws.nl\\\/#\\\/schema\\\/logo\\\/image\\\/\",\"url\":\"https:\\\/\\\/www.maarkelsnieuws.nl\\\/wp-content\\\/uploads\\\/2016\\\/03\\\/maarkelsnieuws_logo.jpg\",\"contentUrl\":\"https:\\\/\\\/www.maarkelsnieuws.nl\\\/wp-content\\\/uploads\\\/2016\\\/03\\\/maarkelsnieuws_logo.jpg\",\"width\":200,\"height\":200,\"caption\":\"Stichting Maarkelsnieuws\"},\"image\":{\"@id\":\"https:\\\/\\\/www.maarkelsnieuws.nl\\\/#\\\/schema\\\/logo\\\/image\\\/\"},\"sameAs\":[\"https:\\\/\\\/www.facebook.com\\\/Maarkelsnieuws\",\"https:\\\/\\\/x.com\\\/maarkelsnieuws\",\"https:\\\/\\\/www.instagram.com\\\/maarkelsnieuws\\\/\"]},{\"@type\":\"Person\",\"@id\":\"https:\\\/\\\/www.maarkelsnieuws.nl\\\/#\\\/schema\\\/person\\\/fd02d2c5f2dec1433a30327293a4b6fb\",\"name\":\"Redactie9\",\"image\":{\"@type\":\"ImageObject\",\"inLanguage\":\"nl-NL\",\"@id\":\"https:\\\/\\\/secure.gravatar.com\\\/avatar\\\/0cacfc54d6c6ad800bc40d4c5080c8ce80202822b82cf1a53787b4798d9d4594?s=96&d=mm&r=g\",\"url\":\"https:\\\/\\\/secure.gravatar.com\\\/avatar\\\/0cacfc54d6c6ad800bc40d4c5080c8ce80202822b82cf1a53787b4798d9d4594?s=96&d=mm&r=g\",\"contentUrl\":\"https:\\\/\\\/secure.gravatar.com\\\/avatar\\\/0cacfc54d6c6ad800bc40d4c5080c8ce80202822b82cf1a53787b4798d9d4594?s=96&d=mm&r=g\",\"caption\":\"Redactie9\"},\"url\":\"https:\\\/\\\/www.maarkelsnieuws.nl\\\/?author=15\"}]}<\/script>\n<!-- \/ Yoast SEO plugin. -->","yoast_head_json":{"title":"Open huis Pedicuresalon Saskia en Liech\u00e9 Beaut\u00e9 - Maarkelsnieuws.nl","robots":{"index":"index","follow":"follow","max-snippet":"max-snippet:-1","max-image-preview":"max-image-preview:large","max-video-preview":"max-video-preview:-1"},"canonical":"https:\/\/www.maarkelsnieuws.nl\/?p=23375","og_locale":"nl_NL","og_type":"article","og_title":"Open huis Pedicuresalon Saskia en Liech\u00e9 Beaut\u00e9 - Maarkelsnieuws.nl","og_description":"Pedicuresalon Saskia en Schoonheidssalon Liech\u00e9 Beaut\u00e9 gaan binnenkort gezamenlijk een praktijk betrekken in \u2019n Veernhof aan de Prinses Irenestraat 9 te Markelo. Lieke Scholte in \u2019t Hoff is in maart 2014 een salon aan huis begonnen aan het Smitjan. Samen met haar overbuurvrouw Saskia Oostdijk, die als ambulant pedicure werkzaam is, hebben beide dames de [&hellip;]","og_url":"https:\/\/www.maarkelsnieuws.nl\/?p=23375","og_site_name":"Maarkelsnieuws.nl","article_publisher":"https:\/\/www.facebook.com\/Maarkelsnieuws","article_published_time":"2015-05-11T06:00:41+00:00","article_modified_time":"2015-05-11T12:31:48+00:00","og_image":[{"width":480,"height":852,"url":"https:\/\/www.maarkelsnieuws.nl\/wp-content\/uploads\/2015\/05\/Foto-Saskia-en-Lieke-Small-e1431172700464.jpg","type":"image\/jpeg"}],"author":"Redactie9","twitter_card":"summary_large_image","twitter_creator":"@maarkelsnieuws","twitter_site":"@maarkelsnieuws","twitter_misc":{"Geschreven door":"Redactie9","Geschatte leestijd":"1 minuut"},"schema":{"@context":"https:\/\/schema.org","@graph":[{"@type":"Article","@id":"https:\/\/www.maarkelsnieuws.nl\/?p=23375#article","isPartOf":{"@id":"https:\/\/www.maarkelsnieuws.nl\/?p=23375"},"author":{"name":"Redactie9","@id":"https:\/\/www.maarkelsnieuws.nl\/#\/schema\/person\/fd02d2c5f2dec1433a30327293a4b6fb"},"headline":"Open huis Pedicuresalon Saskia en Liech\u00e9 Beaut\u00e9","datePublished":"2015-05-11T06:00:41+00:00","dateModified":"2015-05-11T12:31:48+00:00","mainEntityOfPage":{"@id":"https:\/\/www.maarkelsnieuws.nl\/?p=23375"},"wordCount":224,"commentCount":0,"publisher":{"@id":"https:\/\/www.maarkelsnieuws.nl\/#organization"},"image":{"@id":"https:\/\/www.maarkelsnieuws.nl\/?p=23375#primaryimage"},"thumbnailUrl":"https:\/\/www.maarkelsnieuws.nl\/wp-content\/uploads\/2015\/05\/Foto-Saskia-en-Lieke-Small-e1431172700464.jpg","keywords":["lieche beaute","lieke","pedicure saskia"],"articleSection":["Markelo in bedrijf"],"inLanguage":"nl-NL","potentialAction":[{"@type":"CommentAction","name":"Comment","target":["https:\/\/www.maarkelsnieuws.nl\/?p=23375#respond"]}]},{"@type":"WebPage","@id":"https:\/\/www.maarkelsnieuws.nl\/?p=23375","url":"https:\/\/www.maarkelsnieuws.nl\/?p=23375","name":"Open huis Pedicuresalon Saskia en Liech\u00e9 Beaut\u00e9 - Maarkelsnieuws.nl","isPartOf":{"@id":"https:\/\/www.maarkelsnieuws.nl\/#website"},"primaryImageOfPage":{"@id":"https:\/\/www.maarkelsnieuws.nl\/?p=23375#primaryimage"},"image":{"@id":"https:\/\/www.maarkelsnieuws.nl\/?p=23375#primaryimage"},"thumbnailUrl":"https:\/\/www.maarkelsnieuws.nl\/wp-content\/uploads\/2015\/05\/Foto-Saskia-en-Lieke-Small-e1431172700464.jpg","datePublished":"2015-05-11T06:00:41+00:00","dateModified":"2015-05-11T12:31:48+00:00","breadcrumb":{"@id":"https:\/\/www.maarkelsnieuws.nl\/?p=23375#breadcrumb"},"inLanguage":"nl-NL","potentialAction":[{"@type":"ReadAction","target":["https:\/\/www.maarkelsnieuws.nl\/?p=23375"]}]},{"@type":"ImageObject","inLanguage":"nl-NL","@id":"https:\/\/www.maarkelsnieuws.nl\/?p=23375#primaryimage","url":"https:\/\/www.maarkelsnieuws.nl\/wp-content\/uploads\/2015\/05\/Foto-Saskia-en-Lieke-Small-e1431172700464.jpg","contentUrl":"https:\/\/www.maarkelsnieuws.nl\/wp-content\/uploads\/2015\/05\/Foto-Saskia-en-Lieke-Small-e1431172700464.jpg","width":480,"height":852},{"@type":"BreadcrumbList","@id":"https:\/\/www.maarkelsnieuws.nl\/?p=23375#breadcrumb","itemListElement":[{"@type":"ListItem","position":1,"name":"Home","item":"https:\/\/www.maarkelsnieuws.nl\/"},{"@type":"ListItem","position":2,"name":"Open huis Pedicuresalon Saskia en Liech\u00e9 Beaut\u00e9"}]},{"@type":"WebSite","@id":"https:\/\/www.maarkelsnieuws.nl\/#website","url":"https:\/\/www.maarkelsnieuws.nl\/","name":"Maarkelsnieuws.nl","description":"D\u00e9 nieuwssite van en voor Markelo","publisher":{"@id":"https:\/\/www.maarkelsnieuws.nl\/#organization"},"potentialAction":[{"@type":"SearchAction","target":{"@type":"EntryPoint","urlTemplate":"https:\/\/www.maarkelsnieuws.nl\/?s={search_term_string}"},"query-input":{"@type":"PropertyValueSpecification","valueRequired":true,"valueName":"search_term_string"}}],"inLanguage":"nl-NL"},{"@type":"Organization","@id":"https:\/\/www.maarkelsnieuws.nl\/#organization","name":"Stichting Maarkelsnieuws","alternateName":"Maarkelsnieuws","url":"https:\/\/www.maarkelsnieuws.nl\/","logo":{"@type":"ImageObject","inLanguage":"nl-NL","@id":"https:\/\/www.maarkelsnieuws.nl\/#\/schema\/logo\/image\/","url":"https:\/\/www.maarkelsnieuws.nl\/wp-content\/uploads\/2016\/03\/maarkelsnieuws_logo.jpg","contentUrl":"https:\/\/www.maarkelsnieuws.nl\/wp-content\/uploads\/2016\/03\/maarkelsnieuws_logo.jpg","width":200,"height":200,"caption":"Stichting Maarkelsnieuws"},"image":{"@id":"https:\/\/www.maarkelsnieuws.nl\/#\/schema\/logo\/image\/"},"sameAs":["https:\/\/www.facebook.com\/Maarkelsnieuws","https:\/\/x.com\/maarkelsnieuws","https:\/\/www.instagram.com\/maarkelsnieuws\/"]},{"@type":"Person","@id":"https:\/\/www.maarkelsnieuws.nl\/#\/schema\/person\/fd02d2c5f2dec1433a30327293a4b6fb","name":"Redactie9","image":{"@type":"ImageObject","inLanguage":"nl-NL","@id":"https:\/\/secure.gravatar.com\/avatar\/0cacfc54d6c6ad800bc40d4c5080c8ce80202822b82cf1a53787b4798d9d4594?s=96&d=mm&r=g","url":"https:\/\/secure.gravatar.com\/avatar\/0cacfc54d6c6ad800bc40d4c5080c8ce80202822b82cf1a53787b4798d9d4594?s=96&d=mm&r=g","contentUrl":"https:\/\/secure.gravatar.com\/avatar\/0cacfc54d6c6ad800bc40d4c5080c8ce80202822b82cf1a53787b4798d9d4594?s=96&d=mm&r=g","caption":"Redactie9"},"url":"https:\/\/www.maarkelsnieuws.nl\/?author=15"}]}},"_links":{"self":[{"href":"https:\/\/www.maarkelsnieuws.nl\/index.php?rest_route=\/wp\/v2\/posts\/23375","targetHints":{"allow":["GET"]}}],"collection":[{"href":"https:\/\/www.maarkelsnieuws.nl\/index.php?rest_route=\/wp\/v2\/posts"}],"about":[{"href":"https:\/\/www.maarkelsnieuws.nl\/index.php?rest_route=\/wp\/v2\/types\/post"}],"author":[{"embeddable":true,"href":"https:\/\/www.maarkelsnieuws.nl\/index.php?rest_route=\/wp\/v2\/users\/15"}],"replies":[{"embeddable":true,"href":"https:\/\/www.maarkelsnieuws.nl\/index.php?rest_route=%2Fwp%2Fv2%2Fcomments&post=23375"}],"version-history":[{"count":5,"href":"https:\/\/www.maarkelsnieuws.nl\/index.php?rest_route=\/wp\/v2\/posts\/23375\/revisions"}],"predecessor-version":[{"id":23382,"href":"https:\/\/www.maarkelsnieuws.nl\/index.php?rest_route=\/wp\/v2\/posts\/23375\/revisions\/23382"}],"wp:featuredmedia":[{"embeddable":true,"href":"https:\/\/www.maarkelsnieuws.nl\/index.php?rest_route=\/wp\/v2\/media\/23372"}],"wp:attachment":[{"href":"https:\/\/www.maarkelsnieuws.nl\/index.php?rest_route=%2Fwp%2Fv2%2Fmedia&parent=23375"}],"wp:term":[{"taxonomy":"category","embeddable":true,"href":"https:\/\/www.maarkelsnieuws.nl\/index.php?rest_route=%2Fwp%2Fv2%2Fcategories&post=23375"},{"taxonomy":"post_tag","embeddable":true,"href":"https:\/\/www.maarkelsnieuws.nl\/index.php?rest_route=%2Fwp%2Fv2%2Ftags&post=23375"}],"curies":[{"name":"wp","href":"https:\/\/api.w.org\/{rel}","templated":true}]}}