{"id":136900,"date":"2026-01-10T10:51:40","date_gmt":"2026-01-10T09:51:40","guid":{"rendered":"https:\/\/www.maarkelsnieuws.nl\/?p=136900"},"modified":"2026-01-10T12:01:08","modified_gmt":"2026-01-10T11:01:08","slug":"grandprix-galopskieen-is-aan","status":"publish","type":"post","link":"https:\/\/www.maarkelsnieuws.nl\/?p=136900","title":{"rendered":"Grandprix galopskie\u00ebn is aan!"},"content":{"rendered":"<p><strong><a href=\"https:\/\/www.maarkelsnieuws.nl\/wp-content\/uploads\/2026\/01\/771bdc48-fc1b-4ee8-985a-802698650711.jpeg\"><img loading=\"lazy\" decoding=\"async\" class=\"alignleft wp-image-136905\" src=\"https:\/\/www.maarkelsnieuws.nl\/wp-content\/uploads\/2026\/01\/771bdc48-fc1b-4ee8-985a-802698650711-450x450.jpeg\" alt=\"\" width=\"175\" height=\"175\" srcset=\"https:\/\/www.maarkelsnieuws.nl\/wp-content\/uploads\/2026\/01\/771bdc48-fc1b-4ee8-985a-802698650711-450x450.jpeg 450w, https:\/\/www.maarkelsnieuws.nl\/wp-content\/uploads\/2026\/01\/771bdc48-fc1b-4ee8-985a-802698650711-150x150.jpeg 150w, https:\/\/www.maarkelsnieuws.nl\/wp-content\/uploads\/2026\/01\/771bdc48-fc1b-4ee8-985a-802698650711.jpeg 640w\" sizes=\"auto, (max-width: 175px) 100vw, 175px\" \/><\/a>\u201cWe gaan ervoor. Het moet kunnen,\u201d vertelt Gert Jan Oplaat vanmorgen, direct na het laatste overleg met de rayonhoofden op het terrein waar het evenement morgen plaatsvindt. De regen van de afgelopen dagen heeft het terrein geen goed gedaan, maar de vorst en het beetje sneeuw van afgelopen nacht maken dat de organisatie heeft kunnen besluiten om de tweede editie van het Grandprix Galopski\u00ebn in Markelo definitief door te laten gaan. Met man en macht worden vandaag de besproken plannen uitgevoerd, zodat de weide van de Haverkamp en familie Morsman er morgen spik en span bij ligt.<\/strong><!--more--><\/p>\n<p>De eerste witte sneeuwdeken zorgde er al snel voor dat het bij initiatiefnemers Gert Jan Oplaat, Jos Nijland en Gerda Storm begon te kriebelen. De vraag of er, na zestien jaar, eindelijk weer een tweede editie van het Grandprix Galopski\u00ebn in Markelo georganiseerd kon worden, stond centraal. In korte tijd werd een groep rayonhoofden bij elkaar geroepen, ieder met een eigen rol, kennis en ervaring. Die expertise \u2013 van organisatie en secretariaat tot muziek, tijdwaarneming, parcours en jurering \u2013 vormt samen de ruggengraat van het evenement.<\/p>\n<p>Ook vanuit de paardensport is actief meegedacht. De Markelose maneges Snorrewind en De Barlo, samen met een afvaardiging van Stichting Paard- en Ponysport, hebben een belangrijk aandeel in de inhoudelijke opzet en beoordeling. Die samenwerking zorgt voor een zorgvuldig en professioneel georganiseerd evenement. &#8220;Dit is waar het voor ons omdraait. De wil om er met elkaar, iets moois van te maken, daar geniet ik enorm van&#8221;, vertelt Gert Jan.<\/p>\n<p>Op de startlijst staat een mooi deelnemersveld in twee categorie\u00ebn, die in \u00e9\u00e9n ronde alles uit de kast halen. De deelnemers kunnen kiezen voor het parcours met springbultje of voor de chicane. Het maximale aantal deelnemers is vol. Publiek heeft vanaf 10.30 uur vrije toegang om de sporters op de voet te volgen en te genieten van de sfeer rondom het galopski\u00ebn op de weide naast Zalencentrum De Haverkamp. Advies is wel: kleed je warm aan!<\/p>\n<p>RTV Oost zendt het programma live uit op televisie. Het programma start om 11.30 uur met de eerste start, verzorgd door Rikus Bronsvoort van Manege Snorrewind.<\/p>\n<p>Veiligheid voor ruiter, paard en publiek staat voorop; de organisatie houdt de omstandigheden vanzelfsprekend ook tijdens het evenement nauwlettend in de gaten.<\/p>\n<div id='gallery-1' class='gallery galleryid-136900 gallery-columns-3 gallery-size-medium'><figure class='gallery-item'>\n\t\t\t<div class='gallery-icon landscape'>\n\t\t\t\t<a href='https:\/\/www.maarkelsnieuws.nl\/?attachment_id=136908'><img loading=\"lazy\" decoding=\"async\" width=\"600\" height=\"450\" src=\"https:\/\/www.maarkelsnieuws.nl\/wp-content\/uploads\/2026\/01\/c2c84243-7c4c-4bcd-ba23-6e474d4a172c-600x450.jpeg\" class=\"attachment-medium size-medium\" alt=\"\" srcset=\"https:\/\/www.maarkelsnieuws.nl\/wp-content\/uploads\/2026\/01\/c2c84243-7c4c-4bcd-ba23-6e474d4a172c-600x450.jpeg 600w, https:\/\/www.maarkelsnieuws.nl\/wp-content\/uploads\/2026\/01\/c2c84243-7c4c-4bcd-ba23-6e474d4a172c-scaled.jpeg 1024w, https:\/\/www.maarkelsnieuws.nl\/wp-content\/uploads\/2026\/01\/c2c84243-7c4c-4bcd-ba23-6e474d4a172c-1536x1152.jpeg 1536w\" sizes=\"auto, (max-width: 600px) 100vw, 600px\" \/><\/a>\n\t\t\t<\/div><\/figure><figure class='gallery-item'>\n\t\t\t<div class='gallery-icon landscape'>\n\t\t\t\t<a href='https:\/\/www.maarkelsnieuws.nl\/?attachment_id=136909'><img loading=\"lazy\" decoding=\"async\" width=\"600\" height=\"450\" src=\"https:\/\/www.maarkelsnieuws.nl\/wp-content\/uploads\/2026\/01\/04e29b7e-feb9-4ce2-a00f-ff705aad5304-600x450.jpeg\" class=\"attachment-medium size-medium\" alt=\"\" srcset=\"https:\/\/www.maarkelsnieuws.nl\/wp-content\/uploads\/2026\/01\/04e29b7e-feb9-4ce2-a00f-ff705aad5304-600x450.jpeg 600w, https:\/\/www.maarkelsnieuws.nl\/wp-content\/uploads\/2026\/01\/04e29b7e-feb9-4ce2-a00f-ff705aad5304-scaled.jpeg 1024w, https:\/\/www.maarkelsnieuws.nl\/wp-content\/uploads\/2026\/01\/04e29b7e-feb9-4ce2-a00f-ff705aad5304-1536x1152.jpeg 1536w\" sizes=\"auto, (max-width: 600px) 100vw, 600px\" \/><\/a>\n\t\t\t<\/div><\/figure><figure class='gallery-item'>\n\t\t\t<div class='gallery-icon landscape'>\n\t\t\t\t<a href='https:\/\/www.maarkelsnieuws.nl\/?attachment_id=136910'><img loading=\"lazy\" decoding=\"async\" width=\"600\" height=\"450\" src=\"https:\/\/www.maarkelsnieuws.nl\/wp-content\/uploads\/2026\/01\/867a7db2-74f5-407a-8a46-f1c886825efd-600x450.jpeg\" class=\"attachment-medium size-medium\" alt=\"\" srcset=\"https:\/\/www.maarkelsnieuws.nl\/wp-content\/uploads\/2026\/01\/867a7db2-74f5-407a-8a46-f1c886825efd-600x450.jpeg 600w, https:\/\/www.maarkelsnieuws.nl\/wp-content\/uploads\/2026\/01\/867a7db2-74f5-407a-8a46-f1c886825efd-scaled.jpeg 1024w, https:\/\/www.maarkelsnieuws.nl\/wp-content\/uploads\/2026\/01\/867a7db2-74f5-407a-8a46-f1c886825efd-1536x1152.jpeg 1536w\" sizes=\"auto, (max-width: 600px) 100vw, 600px\" \/><\/a>\n\t\t\t<\/div><\/figure><figure class='gallery-item'>\n\t\t\t<div class='gallery-icon landscape'>\n\t\t\t\t<a href='https:\/\/www.maarkelsnieuws.nl\/?attachment_id=136911'><img loading=\"lazy\" decoding=\"async\" width=\"600\" height=\"450\" src=\"https:\/\/www.maarkelsnieuws.nl\/wp-content\/uploads\/2026\/01\/75574b99-f820-4c78-b9a7-3a87f066981b-600x450.jpeg\" class=\"attachment-medium size-medium\" alt=\"\" srcset=\"https:\/\/www.maarkelsnieuws.nl\/wp-content\/uploads\/2026\/01\/75574b99-f820-4c78-b9a7-3a87f066981b-600x450.jpeg 600w, https:\/\/www.maarkelsnieuws.nl\/wp-content\/uploads\/2026\/01\/75574b99-f820-4c78-b9a7-3a87f066981b-scaled.jpeg 1024w, https:\/\/www.maarkelsnieuws.nl\/wp-content\/uploads\/2026\/01\/75574b99-f820-4c78-b9a7-3a87f066981b-1536x1152.jpeg 1536w\" sizes=\"auto, (max-width: 600px) 100vw, 600px\" \/><\/a>\n\t\t\t<\/div><\/figure><figure class='gallery-item'>\n\t\t\t<div class='gallery-icon landscape'>\n\t\t\t\t<a href='https:\/\/www.maarkelsnieuws.nl\/?attachment_id=136912'><img loading=\"lazy\" decoding=\"async\" width=\"600\" height=\"338\" src=\"https:\/\/www.maarkelsnieuws.nl\/wp-content\/uploads\/2026\/01\/4b6e2133-ab22-4a3a-9cdf-fcd9d886522b-600x338.jpeg\" class=\"attachment-medium size-medium\" alt=\"\" srcset=\"https:\/\/www.maarkelsnieuws.nl\/wp-content\/uploads\/2026\/01\/4b6e2133-ab22-4a3a-9cdf-fcd9d886522b-600x338.jpeg 600w, https:\/\/www.maarkelsnieuws.nl\/wp-content\/uploads\/2026\/01\/4b6e2133-ab22-4a3a-9cdf-fcd9d886522b-scaled.jpeg 1024w, https:\/\/www.maarkelsnieuws.nl\/wp-content\/uploads\/2026\/01\/4b6e2133-ab22-4a3a-9cdf-fcd9d886522b-1536x864.jpeg 1536w\" sizes=\"auto, (max-width: 600px) 100vw, 600px\" \/><\/a>\n\t\t\t<\/div><\/figure><figure class='gallery-item'>\n\t\t\t<div class='gallery-icon landscape'>\n\t\t\t\t<a href='https:\/\/www.maarkelsnieuws.nl\/?attachment_id=136913'><img loading=\"lazy\" decoding=\"async\" width=\"600\" height=\"338\" src=\"https:\/\/www.maarkelsnieuws.nl\/wp-content\/uploads\/2026\/01\/1e12de96-3290-4014-82fd-105be981b4f2-600x338.jpeg\" class=\"attachment-medium size-medium\" alt=\"\" srcset=\"https:\/\/www.maarkelsnieuws.nl\/wp-content\/uploads\/2026\/01\/1e12de96-3290-4014-82fd-105be981b4f2-600x338.jpeg 600w, https:\/\/www.maarkelsnieuws.nl\/wp-content\/uploads\/2026\/01\/1e12de96-3290-4014-82fd-105be981b4f2-scaled.jpeg 1024w, https:\/\/www.maarkelsnieuws.nl\/wp-content\/uploads\/2026\/01\/1e12de96-3290-4014-82fd-105be981b4f2-1536x864.jpeg 1536w\" sizes=\"auto, (max-width: 600px) 100vw, 600px\" \/><\/a>\n\t\t\t<\/div><\/figure>\n\t\t<\/div>\n\n","protected":false},"excerpt":{"rendered":"<p>\u201cWe gaan ervoor. Het moet kunnen,\u201d vertelt Gert Jan Oplaat vanmorgen, direct na het laatste overleg met de rayonhoofden op het terrein waar het evenement morgen plaatsvindt. De regen van de afgelopen dagen heeft het terrein geen goed gedaan, maar de vorst en het beetje sneeuw van afgelopen nacht maken dat de organisatie heeft kunnen [&hellip;]<\/p>\n","protected":false},"author":11,"featured_media":136915,"comment_status":"closed","ping_status":"closed","sticky":false,"template":"","format":"standard","meta":{"footnotes":""},"categories":[8],"tags":[12368,287,2693],"class_list":["post-136900","post","type-post","status-publish","format-standard","has-post-thumbnail","hentry","category-c1-algemeen","tag-galopskien","tag-haverkamp","tag-sneeuw","frontpage-homepage","frontpage-slider"],"acf":[],"yoast_head":"<!-- This site is optimized with the Yoast SEO plugin v27.5 - https:\/\/yoast.com\/product\/yoast-seo-wordpress\/ -->\n<title>Grandprix galopskie\u00ebn is aan! - Maarkelsnieuws.nl<\/title>\n<meta name=\"description\" content=\"\u201cWe gaan ervoor. Het moet kunnen,\u201d vertelt Gert Jan Oplaat vanmorgen, direct na het laatste overleg met de rayonhoofden op het terrein waar het evenement morgen plaatsvindt. De regen van de afgelopen dagen heeft het terrein geen goed gedaan, maar de vorst en sneeuw van afgelopen nacht maken dat de organisatie heeft kunnen besluiten om de tweede editie van het Grandprix Galopski\u00ebn in Markelo definitief door te laten gaan. Met man en macht worden vandaag de besproken plannen uitgevoerd, zodat het terrein er morgen spik en span bij ligt.\" \/>\n<meta name=\"robots\" content=\"index, follow, max-snippet:-1, max-image-preview:large, max-video-preview:-1\" \/>\n<link rel=\"canonical\" href=\"https:\/\/www.maarkelsnieuws.nl\/?p=136900\" \/>\n<meta property=\"og:locale\" content=\"nl_NL\" \/>\n<meta property=\"og:type\" content=\"article\" \/>\n<meta property=\"og:title\" content=\"Grandprix galopskie\u00ebn is aan! - Maarkelsnieuws.nl\" \/>\n<meta property=\"og:description\" content=\"\u201cWe gaan ervoor. Het moet kunnen,\u201d vertelt Gert Jan Oplaat vanmorgen, direct na het laatste overleg met de rayonhoofden op het terrein waar het evenement morgen plaatsvindt. De regen van de afgelopen dagen heeft het terrein geen goed gedaan, maar de vorst en sneeuw van afgelopen nacht maken dat de organisatie heeft kunnen besluiten om de tweede editie van het Grandprix Galopski\u00ebn in Markelo definitief door te laten gaan. Met man en macht worden vandaag de besproken plannen uitgevoerd, zodat het terrein er morgen spik en span bij ligt.\" \/>\n<meta property=\"og:url\" content=\"https:\/\/www.maarkelsnieuws.nl\/?p=136900\" \/>\n<meta property=\"og:site_name\" content=\"Maarkelsnieuws.nl\" \/>\n<meta property=\"article:publisher\" content=\"https:\/\/www.facebook.com\/Maarkelsnieuws\" \/>\n<meta property=\"article:published_time\" content=\"2026-01-10T09:51:40+00:00\" \/>\n<meta property=\"article:modified_time\" content=\"2026-01-10T11:01:08+00:00\" \/>\n<meta property=\"og:image\" content=\"https:\/\/www.maarkelsnieuws.nl\/wp-content\/uploads\/2026\/01\/galopskien-markelo-maarkelsnieuws-FSMN-20260110-1176-scaled.jpg\" \/>\n\t<meta property=\"og:image:width\" content=\"1024\" \/>\n\t<meta property=\"og:image:height\" content=\"683\" \/>\n\t<meta property=\"og:image:type\" content=\"image\/jpeg\" \/>\n<meta name=\"author\" content=\"Redactie18\" \/>\n<meta name=\"twitter:card\" content=\"summary_large_image\" \/>\n<meta name=\"twitter:creator\" content=\"@maarkelsnieuws\" \/>\n<meta name=\"twitter:site\" content=\"@maarkelsnieuws\" \/>\n<meta name=\"twitter:label1\" content=\"Geschreven door\" \/>\n\t<meta name=\"twitter:data1\" content=\"Redactie18\" \/>\n\t<meta name=\"twitter:label2\" content=\"Geschatte leestijd\" \/>\n\t<meta name=\"twitter:data2\" content=\"2 minuten\" \/>\n<script type=\"application\/ld+json\" class=\"yoast-schema-graph\">{\"@context\":\"https:\\\/\\\/schema.org\",\"@graph\":[{\"@type\":\"Article\",\"@id\":\"https:\\\/\\\/www.maarkelsnieuws.nl\\\/?p=136900#article\",\"isPartOf\":{\"@id\":\"https:\\\/\\\/www.maarkelsnieuws.nl\\\/?p=136900\"},\"author\":{\"name\":\"Redactie18\",\"@id\":\"https:\\\/\\\/www.maarkelsnieuws.nl\\\/#\\\/schema\\\/person\\\/6715aee3dd4a12203d38193f78a0dade\"},\"headline\":\"Grandprix galopskie\u00ebn is aan!\",\"datePublished\":\"2026-01-10T09:51:40+00:00\",\"dateModified\":\"2026-01-10T11:01:08+00:00\",\"mainEntityOfPage\":{\"@id\":\"https:\\\/\\\/www.maarkelsnieuws.nl\\\/?p=136900\"},\"wordCount\":385,\"publisher\":{\"@id\":\"https:\\\/\\\/www.maarkelsnieuws.nl\\\/#organization\"},\"image\":{\"@id\":\"https:\\\/\\\/www.maarkelsnieuws.nl\\\/?p=136900#primaryimage\"},\"thumbnailUrl\":\"https:\\\/\\\/www.maarkelsnieuws.nl\\\/wp-content\\\/uploads\\\/2026\\\/01\\\/galopskien-markelo-maarkelsnieuws-FSMN-20260110-1176-scaled.jpg\",\"keywords\":[\"galopskien\",\"haverkamp\",\"sneeuw\"],\"articleSection\":[\"Algemeen\"],\"inLanguage\":\"nl-NL\"},{\"@type\":\"WebPage\",\"@id\":\"https:\\\/\\\/www.maarkelsnieuws.nl\\\/?p=136900\",\"url\":\"https:\\\/\\\/www.maarkelsnieuws.nl\\\/?p=136900\",\"name\":\"Grandprix galopskie\u00ebn is aan! - Maarkelsnieuws.nl\",\"isPartOf\":{\"@id\":\"https:\\\/\\\/www.maarkelsnieuws.nl\\\/#website\"},\"primaryImageOfPage\":{\"@id\":\"https:\\\/\\\/www.maarkelsnieuws.nl\\\/?p=136900#primaryimage\"},\"image\":{\"@id\":\"https:\\\/\\\/www.maarkelsnieuws.nl\\\/?p=136900#primaryimage\"},\"thumbnailUrl\":\"https:\\\/\\\/www.maarkelsnieuws.nl\\\/wp-content\\\/uploads\\\/2026\\\/01\\\/galopskien-markelo-maarkelsnieuws-FSMN-20260110-1176-scaled.jpg\",\"datePublished\":\"2026-01-10T09:51:40+00:00\",\"dateModified\":\"2026-01-10T11:01:08+00:00\",\"description\":\"\u201cWe gaan ervoor. Het moet kunnen,\u201d vertelt Gert Jan Oplaat vanmorgen, direct na het laatste overleg met de rayonhoofden op het terrein waar het evenement morgen plaatsvindt. De regen van de afgelopen dagen heeft het terrein geen goed gedaan, maar de vorst en sneeuw van afgelopen nacht maken dat de organisatie heeft kunnen besluiten om de tweede editie van het Grandprix Galopski\u00ebn in Markelo definitief door te laten gaan. Met man en macht worden vandaag de besproken plannen uitgevoerd, zodat het terrein er morgen spik en span bij ligt.\",\"breadcrumb\":{\"@id\":\"https:\\\/\\\/www.maarkelsnieuws.nl\\\/?p=136900#breadcrumb\"},\"inLanguage\":\"nl-NL\",\"potentialAction\":[{\"@type\":\"ReadAction\",\"target\":[\"https:\\\/\\\/www.maarkelsnieuws.nl\\\/?p=136900\"]}]},{\"@type\":\"ImageObject\",\"inLanguage\":\"nl-NL\",\"@id\":\"https:\\\/\\\/www.maarkelsnieuws.nl\\\/?p=136900#primaryimage\",\"url\":\"https:\\\/\\\/www.maarkelsnieuws.nl\\\/wp-content\\\/uploads\\\/2026\\\/01\\\/galopskien-markelo-maarkelsnieuws-FSMN-20260110-1176-scaled.jpg\",\"contentUrl\":\"https:\\\/\\\/www.maarkelsnieuws.nl\\\/wp-content\\\/uploads\\\/2026\\\/01\\\/galopskien-markelo-maarkelsnieuws-FSMN-20260110-1176-scaled.jpg\",\"width\":1024,\"height\":683},{\"@type\":\"BreadcrumbList\",\"@id\":\"https:\\\/\\\/www.maarkelsnieuws.nl\\\/?p=136900#breadcrumb\",\"itemListElement\":[{\"@type\":\"ListItem\",\"position\":1,\"name\":\"Home\",\"item\":\"https:\\\/\\\/www.maarkelsnieuws.nl\\\/\"},{\"@type\":\"ListItem\",\"position\":2,\"name\":\"Grandprix galopskie\u00ebn is aan!\"}]},{\"@type\":\"WebSite\",\"@id\":\"https:\\\/\\\/www.maarkelsnieuws.nl\\\/#website\",\"url\":\"https:\\\/\\\/www.maarkelsnieuws.nl\\\/\",\"name\":\"Maarkelsnieuws.nl\",\"description\":\"D\u00e9 nieuwssite van en voor Markelo\",\"publisher\":{\"@id\":\"https:\\\/\\\/www.maarkelsnieuws.nl\\\/#organization\"},\"potentialAction\":[{\"@type\":\"SearchAction\",\"target\":{\"@type\":\"EntryPoint\",\"urlTemplate\":\"https:\\\/\\\/www.maarkelsnieuws.nl\\\/?s={search_term_string}\"},\"query-input\":{\"@type\":\"PropertyValueSpecification\",\"valueRequired\":true,\"valueName\":\"search_term_string\"}}],\"inLanguage\":\"nl-NL\"},{\"@type\":\"Organization\",\"@id\":\"https:\\\/\\\/www.maarkelsnieuws.nl\\\/#organization\",\"name\":\"Stichting Maarkelsnieuws\",\"alternateName\":\"Maarkelsnieuws\",\"url\":\"https:\\\/\\\/www.maarkelsnieuws.nl\\\/\",\"logo\":{\"@type\":\"ImageObject\",\"inLanguage\":\"nl-NL\",\"@id\":\"https:\\\/\\\/www.maarkelsnieuws.nl\\\/#\\\/schema\\\/logo\\\/image\\\/\",\"url\":\"https:\\\/\\\/www.maarkelsnieuws.nl\\\/wp-content\\\/uploads\\\/2016\\\/03\\\/maarkelsnieuws_logo.jpg\",\"contentUrl\":\"https:\\\/\\\/www.maarkelsnieuws.nl\\\/wp-content\\\/uploads\\\/2016\\\/03\\\/maarkelsnieuws_logo.jpg\",\"width\":200,\"height\":200,\"caption\":\"Stichting Maarkelsnieuws\"},\"image\":{\"@id\":\"https:\\\/\\\/www.maarkelsnieuws.nl\\\/#\\\/schema\\\/logo\\\/image\\\/\"},\"sameAs\":[\"https:\\\/\\\/www.facebook.com\\\/Maarkelsnieuws\",\"https:\\\/\\\/x.com\\\/maarkelsnieuws\",\"https:\\\/\\\/www.instagram.com\\\/maarkelsnieuws\\\/\"]},{\"@type\":\"Person\",\"@id\":\"https:\\\/\\\/www.maarkelsnieuws.nl\\\/#\\\/schema\\\/person\\\/6715aee3dd4a12203d38193f78a0dade\",\"name\":\"Redactie18\",\"image\":{\"@type\":\"ImageObject\",\"inLanguage\":\"nl-NL\",\"@id\":\"https:\\\/\\\/secure.gravatar.com\\\/avatar\\\/7cfe6c5d96338641fbb59a6390b6879e1e94fdeadbba58cda35fd2ff247f03dc?s=96&d=mm&r=g\",\"url\":\"https:\\\/\\\/secure.gravatar.com\\\/avatar\\\/7cfe6c5d96338641fbb59a6390b6879e1e94fdeadbba58cda35fd2ff247f03dc?s=96&d=mm&r=g\",\"contentUrl\":\"https:\\\/\\\/secure.gravatar.com\\\/avatar\\\/7cfe6c5d96338641fbb59a6390b6879e1e94fdeadbba58cda35fd2ff247f03dc?s=96&d=mm&r=g\",\"caption\":\"Redactie18\"},\"url\":\"https:\\\/\\\/www.maarkelsnieuws.nl\\\/?author=11\"}]}<\/script>\n<!-- \/ Yoast SEO plugin. -->","yoast_head_json":{"title":"Grandprix galopskie\u00ebn is aan! - Maarkelsnieuws.nl","description":"\u201cWe gaan ervoor. Het moet kunnen,\u201d vertelt Gert Jan Oplaat vanmorgen, direct na het laatste overleg met de rayonhoofden op het terrein waar het evenement morgen plaatsvindt. De regen van de afgelopen dagen heeft het terrein geen goed gedaan, maar de vorst en sneeuw van afgelopen nacht maken dat de organisatie heeft kunnen besluiten om de tweede editie van het Grandprix Galopski\u00ebn in Markelo definitief door te laten gaan. Met man en macht worden vandaag de besproken plannen uitgevoerd, zodat het terrein er morgen spik en span bij ligt.","robots":{"index":"index","follow":"follow","max-snippet":"max-snippet:-1","max-image-preview":"max-image-preview:large","max-video-preview":"max-video-preview:-1"},"canonical":"https:\/\/www.maarkelsnieuws.nl\/?p=136900","og_locale":"nl_NL","og_type":"article","og_title":"Grandprix galopskie\u00ebn is aan! - Maarkelsnieuws.nl","og_description":"\u201cWe gaan ervoor. Het moet kunnen,\u201d vertelt Gert Jan Oplaat vanmorgen, direct na het laatste overleg met de rayonhoofden op het terrein waar het evenement morgen plaatsvindt. De regen van de afgelopen dagen heeft het terrein geen goed gedaan, maar de vorst en sneeuw van afgelopen nacht maken dat de organisatie heeft kunnen besluiten om de tweede editie van het Grandprix Galopski\u00ebn in Markelo definitief door te laten gaan. Met man en macht worden vandaag de besproken plannen uitgevoerd, zodat het terrein er morgen spik en span bij ligt.","og_url":"https:\/\/www.maarkelsnieuws.nl\/?p=136900","og_site_name":"Maarkelsnieuws.nl","article_publisher":"https:\/\/www.facebook.com\/Maarkelsnieuws","article_published_time":"2026-01-10T09:51:40+00:00","article_modified_time":"2026-01-10T11:01:08+00:00","og_image":[{"width":1024,"height":683,"url":"https:\/\/www.maarkelsnieuws.nl\/wp-content\/uploads\/2026\/01\/galopskien-markelo-maarkelsnieuws-FSMN-20260110-1176-scaled.jpg","type":"image\/jpeg"}],"author":"Redactie18","twitter_card":"summary_large_image","twitter_creator":"@maarkelsnieuws","twitter_site":"@maarkelsnieuws","twitter_misc":{"Geschreven door":"Redactie18","Geschatte leestijd":"2 minuten"},"schema":{"@context":"https:\/\/schema.org","@graph":[{"@type":"Article","@id":"https:\/\/www.maarkelsnieuws.nl\/?p=136900#article","isPartOf":{"@id":"https:\/\/www.maarkelsnieuws.nl\/?p=136900"},"author":{"name":"Redactie18","@id":"https:\/\/www.maarkelsnieuws.nl\/#\/schema\/person\/6715aee3dd4a12203d38193f78a0dade"},"headline":"Grandprix galopskie\u00ebn is aan!","datePublished":"2026-01-10T09:51:40+00:00","dateModified":"2026-01-10T11:01:08+00:00","mainEntityOfPage":{"@id":"https:\/\/www.maarkelsnieuws.nl\/?p=136900"},"wordCount":385,"publisher":{"@id":"https:\/\/www.maarkelsnieuws.nl\/#organization"},"image":{"@id":"https:\/\/www.maarkelsnieuws.nl\/?p=136900#primaryimage"},"thumbnailUrl":"https:\/\/www.maarkelsnieuws.nl\/wp-content\/uploads\/2026\/01\/galopskien-markelo-maarkelsnieuws-FSMN-20260110-1176-scaled.jpg","keywords":["galopskien","haverkamp","sneeuw"],"articleSection":["Algemeen"],"inLanguage":"nl-NL"},{"@type":"WebPage","@id":"https:\/\/www.maarkelsnieuws.nl\/?p=136900","url":"https:\/\/www.maarkelsnieuws.nl\/?p=136900","name":"Grandprix galopskie\u00ebn is aan! - Maarkelsnieuws.nl","isPartOf":{"@id":"https:\/\/www.maarkelsnieuws.nl\/#website"},"primaryImageOfPage":{"@id":"https:\/\/www.maarkelsnieuws.nl\/?p=136900#primaryimage"},"image":{"@id":"https:\/\/www.maarkelsnieuws.nl\/?p=136900#primaryimage"},"thumbnailUrl":"https:\/\/www.maarkelsnieuws.nl\/wp-content\/uploads\/2026\/01\/galopskien-markelo-maarkelsnieuws-FSMN-20260110-1176-scaled.jpg","datePublished":"2026-01-10T09:51:40+00:00","dateModified":"2026-01-10T11:01:08+00:00","description":"\u201cWe gaan ervoor. Het moet kunnen,\u201d vertelt Gert Jan Oplaat vanmorgen, direct na het laatste overleg met de rayonhoofden op het terrein waar het evenement morgen plaatsvindt. De regen van de afgelopen dagen heeft het terrein geen goed gedaan, maar de vorst en sneeuw van afgelopen nacht maken dat de organisatie heeft kunnen besluiten om de tweede editie van het Grandprix Galopski\u00ebn in Markelo definitief door te laten gaan. Met man en macht worden vandaag de besproken plannen uitgevoerd, zodat het terrein er morgen spik en span bij ligt.","breadcrumb":{"@id":"https:\/\/www.maarkelsnieuws.nl\/?p=136900#breadcrumb"},"inLanguage":"nl-NL","potentialAction":[{"@type":"ReadAction","target":["https:\/\/www.maarkelsnieuws.nl\/?p=136900"]}]},{"@type":"ImageObject","inLanguage":"nl-NL","@id":"https:\/\/www.maarkelsnieuws.nl\/?p=136900#primaryimage","url":"https:\/\/www.maarkelsnieuws.nl\/wp-content\/uploads\/2026\/01\/galopskien-markelo-maarkelsnieuws-FSMN-20260110-1176-scaled.jpg","contentUrl":"https:\/\/www.maarkelsnieuws.nl\/wp-content\/uploads\/2026\/01\/galopskien-markelo-maarkelsnieuws-FSMN-20260110-1176-scaled.jpg","width":1024,"height":683},{"@type":"BreadcrumbList","@id":"https:\/\/www.maarkelsnieuws.nl\/?p=136900#breadcrumb","itemListElement":[{"@type":"ListItem","position":1,"name":"Home","item":"https:\/\/www.maarkelsnieuws.nl\/"},{"@type":"ListItem","position":2,"name":"Grandprix galopskie\u00ebn is aan!"}]},{"@type":"WebSite","@id":"https:\/\/www.maarkelsnieuws.nl\/#website","url":"https:\/\/www.maarkelsnieuws.nl\/","name":"Maarkelsnieuws.nl","description":"D\u00e9 nieuwssite van en voor Markelo","publisher":{"@id":"https:\/\/www.maarkelsnieuws.nl\/#organization"},"potentialAction":[{"@type":"SearchAction","target":{"@type":"EntryPoint","urlTemplate":"https:\/\/www.maarkelsnieuws.nl\/?s={search_term_string}"},"query-input":{"@type":"PropertyValueSpecification","valueRequired":true,"valueName":"search_term_string"}}],"inLanguage":"nl-NL"},{"@type":"Organization","@id":"https:\/\/www.maarkelsnieuws.nl\/#organization","name":"Stichting Maarkelsnieuws","alternateName":"Maarkelsnieuws","url":"https:\/\/www.maarkelsnieuws.nl\/","logo":{"@type":"ImageObject","inLanguage":"nl-NL","@id":"https:\/\/www.maarkelsnieuws.nl\/#\/schema\/logo\/image\/","url":"https:\/\/www.maarkelsnieuws.nl\/wp-content\/uploads\/2016\/03\/maarkelsnieuws_logo.jpg","contentUrl":"https:\/\/www.maarkelsnieuws.nl\/wp-content\/uploads\/2016\/03\/maarkelsnieuws_logo.jpg","width":200,"height":200,"caption":"Stichting Maarkelsnieuws"},"image":{"@id":"https:\/\/www.maarkelsnieuws.nl\/#\/schema\/logo\/image\/"},"sameAs":["https:\/\/www.facebook.com\/Maarkelsnieuws","https:\/\/x.com\/maarkelsnieuws","https:\/\/www.instagram.com\/maarkelsnieuws\/"]},{"@type":"Person","@id":"https:\/\/www.maarkelsnieuws.nl\/#\/schema\/person\/6715aee3dd4a12203d38193f78a0dade","name":"Redactie18","image":{"@type":"ImageObject","inLanguage":"nl-NL","@id":"https:\/\/secure.gravatar.com\/avatar\/7cfe6c5d96338641fbb59a6390b6879e1e94fdeadbba58cda35fd2ff247f03dc?s=96&d=mm&r=g","url":"https:\/\/secure.gravatar.com\/avatar\/7cfe6c5d96338641fbb59a6390b6879e1e94fdeadbba58cda35fd2ff247f03dc?s=96&d=mm&r=g","contentUrl":"https:\/\/secure.gravatar.com\/avatar\/7cfe6c5d96338641fbb59a6390b6879e1e94fdeadbba58cda35fd2ff247f03dc?s=96&d=mm&r=g","caption":"Redactie18"},"url":"https:\/\/www.maarkelsnieuws.nl\/?author=11"}]}},"_links":{"self":[{"href":"https:\/\/www.maarkelsnieuws.nl\/index.php?rest_route=\/wp\/v2\/posts\/136900","targetHints":{"allow":["GET"]}}],"collection":[{"href":"https:\/\/www.maarkelsnieuws.nl\/index.php?rest_route=\/wp\/v2\/posts"}],"about":[{"href":"https:\/\/www.maarkelsnieuws.nl\/index.php?rest_route=\/wp\/v2\/types\/post"}],"author":[{"embeddable":true,"href":"https:\/\/www.maarkelsnieuws.nl\/index.php?rest_route=\/wp\/v2\/users\/11"}],"replies":[{"embeddable":true,"href":"https:\/\/www.maarkelsnieuws.nl\/index.php?rest_route=%2Fwp%2Fv2%2Fcomments&post=136900"}],"version-history":[{"count":7,"href":"https:\/\/www.maarkelsnieuws.nl\/index.php?rest_route=\/wp\/v2\/posts\/136900\/revisions"}],"predecessor-version":[{"id":136917,"href":"https:\/\/www.maarkelsnieuws.nl\/index.php?rest_route=\/wp\/v2\/posts\/136900\/revisions\/136917"}],"wp:featuredmedia":[{"embeddable":true,"href":"https:\/\/www.maarkelsnieuws.nl\/index.php?rest_route=\/wp\/v2\/media\/136915"}],"wp:attachment":[{"href":"https:\/\/www.maarkelsnieuws.nl\/index.php?rest_route=%2Fwp%2Fv2%2Fmedia&parent=136900"}],"wp:term":[{"taxonomy":"category","embeddable":true,"href":"https:\/\/www.maarkelsnieuws.nl\/index.php?rest_route=%2Fwp%2Fv2%2Fcategories&post=136900"},{"taxonomy":"post_tag","embeddable":true,"href":"https:\/\/www.maarkelsnieuws.nl\/index.php?rest_route=%2Fwp%2Fv2%2Ftags&post=136900"}],"curies":[{"name":"wp","href":"https:\/\/api.w.org\/{rel}","templated":true}]}}