{"id":136882,"date":"2026-01-09T07:54:41","date_gmt":"2026-01-09T06:54:41","guid":{"rendered":"https:\/\/www.maarkelsnieuws.nl\/?p=136882"},"modified":"2026-01-08T21:59:03","modified_gmt":"2026-01-08T20:59:03","slug":"d66-hof-van-twente-stelt-kandidatenlijst-vast","status":"publish","type":"post","link":"https:\/\/www.maarkelsnieuws.nl\/?p=136882","title":{"rendered":"D66 Hof van Twente stelt kandidatenlijst vast"},"content":{"rendered":"<p><strong><a href=\"https:\/\/www.maarkelsnieuws.nl\/wp-content\/uploads\/2025\/01\/Clemens-scaled-1-scaled.jpg\"><img loading=\"lazy\" decoding=\"async\" class=\"alignleft wp-image-129400\" src=\"https:\/\/www.maarkelsnieuws.nl\/wp-content\/uploads\/2025\/01\/Clemens-scaled-1-600x436.jpg\" alt=\"\" width=\"175\" height=\"127\" srcset=\"https:\/\/www.maarkelsnieuws.nl\/wp-content\/uploads\/2025\/01\/Clemens-scaled-1-600x436.jpg 600w, https:\/\/www.maarkelsnieuws.nl\/wp-content\/uploads\/2025\/01\/Clemens-scaled-1-scaled.jpg 1024w, https:\/\/www.maarkelsnieuws.nl\/wp-content\/uploads\/2025\/01\/Clemens-scaled-1-1536x1115.jpg 1536w, https:\/\/www.maarkelsnieuws.nl\/wp-content\/uploads\/2025\/01\/Clemens-scaled-1-2048x1487.jpg 2048w\" sizes=\"auto, (max-width: 175px) 100vw, 175px\" \/><\/a>D66 Hof van Twente heeft de kandidatenlijst voor de komende gemeenteraadsverkiezingen van 18 maart 2026 vastgesteld. De partij presenteert een evenwichtige lijst met ervaren raadsleden en nieuwe gezichten uit alle kernen van de gemeente. Lijsttrekker is huidige fractievoorzitter Andr\u00e9 de Visser uit Delden. Op de tweede plaats staat huidig raadslid Clemens Vinkenvleugel in Markelo, gevolgd door Jackie Grotholt en Alice Olde Reuver of Briel uit Diepenheim. Olde Reuver of Briel is oud-fractievoorzitter van D66 Hof van Twente. Willem Marsman (Delden) en Dani\u00ebl de Jong (Goor) maken de top zes compleet.<\/strong><!--more--><\/p>\n<p>Volgens het bestuur laat de lijst zien waar D66 Hof van Twente voor staat: betrokken mensen met verschillende achtergronden die samen willen werken aan een toekomstgerichte en inclusieve gemeente.\u00a0Tegelijk presenteert D66 het verkiezingsprogramma Het kan w\u00e9l, \u00f3\u00f3k in Hof van Twente. Daarin staan onder meer wonen in de eigen omgeving, lokale schone energie, ruimte voor ondernemerschap, een gezonde leefomgeving en een betrouwbare gemeente centraal.\u00a0Met deze kandidaten en plannen wil D66 Hof van Twente werken aan vertrouwen en concrete oplossingen voor de uitdagingen van nu en de toekomst.<\/p>\n","protected":false},"excerpt":{"rendered":"<p>D66 Hof van Twente heeft de kandidatenlijst voor de komende gemeenteraadsverkiezingen van 18 maart 2026 vastgesteld. De partij presenteert een evenwichtige lijst met ervaren raadsleden en nieuwe gezichten uit alle kernen van de gemeente. Lijsttrekker is huidige fractievoorzitter Andr\u00e9 de Visser uit Delden. Op de tweede plaats staat huidig raadslid Clemens Vinkenvleugel in Markelo, gevolgd [&hellip;]<\/p>\n","protected":false},"author":2,"featured_media":129413,"comment_status":"closed","ping_status":"closed","sticky":false,"template":"","format":"standard","meta":{"footnotes":""},"categories":[8],"tags":[128,8222,131,8607,605],"class_list":["post-136882","post","type-post","status-publish","format-standard","has-post-thumbnail","hentry","category-c1-algemeen","tag-d66","tag-fractie","tag-gemeenteraad","tag-raadszaal","tag-verkiezingen","frontpage-homepage","frontpage-slider"],"acf":[],"yoast_head":"<!-- This site is optimized with the Yoast SEO plugin v27.5 - https:\/\/yoast.com\/product\/yoast-seo-wordpress\/ -->\n<title>D66 Hof van Twente stelt kandidatenlijst vast - Maarkelsnieuws.nl<\/title>\n<meta name=\"robots\" content=\"index, follow, max-snippet:-1, max-image-preview:large, max-video-preview:-1\" \/>\n<link rel=\"canonical\" href=\"https:\/\/www.maarkelsnieuws.nl\/?p=136882\" \/>\n<meta property=\"og:locale\" content=\"nl_NL\" \/>\n<meta property=\"og:type\" content=\"article\" \/>\n<meta property=\"og:title\" content=\"D66 Hof van Twente stelt kandidatenlijst vast - Maarkelsnieuws.nl\" \/>\n<meta property=\"og:description\" content=\"D66 Hof van Twente heeft de kandidatenlijst voor de komende gemeenteraadsverkiezingen van 18 maart 2026 vastgesteld. De partij presenteert een evenwichtige lijst met ervaren raadsleden en nieuwe gezichten uit alle kernen van de gemeente. Lijsttrekker is huidige fractievoorzitter Andr\u00e9 de Visser uit Delden. Op de tweede plaats staat huidig raadslid Clemens Vinkenvleugel in Markelo, gevolgd [&hellip;]\" \/>\n<meta property=\"og:url\" content=\"https:\/\/www.maarkelsnieuws.nl\/?p=136882\" \/>\n<meta property=\"og:site_name\" content=\"Maarkelsnieuws.nl\" \/>\n<meta property=\"article:publisher\" content=\"https:\/\/www.facebook.com\/Maarkelsnieuws\" \/>\n<meta property=\"article:published_time\" content=\"2026-01-09T06:54:41+00:00\" \/>\n<meta property=\"og:image\" content=\"https:\/\/www.maarkelsnieuws.nl\/wp-content\/uploads\/2025\/01\/raadzaal-scaled.jpg\" \/>\n\t<meta property=\"og:image:width\" content=\"1024\" \/>\n\t<meta property=\"og:image:height\" content=\"550\" \/>\n\t<meta property=\"og:image:type\" content=\"image\/jpeg\" \/>\n<meta name=\"author\" content=\"Redactie5\" \/>\n<meta name=\"twitter:card\" content=\"summary_large_image\" \/>\n<meta name=\"twitter:creator\" content=\"@maarkelsnieuws\" \/>\n<meta name=\"twitter:site\" content=\"@maarkelsnieuws\" \/>\n<meta name=\"twitter:label1\" content=\"Geschreven door\" \/>\n\t<meta name=\"twitter:data1\" content=\"Redactie5\" \/>\n\t<meta name=\"twitter:label2\" content=\"Geschatte leestijd\" \/>\n\t<meta name=\"twitter:data2\" content=\"1 minuut\" \/>\n<script type=\"application\/ld+json\" class=\"yoast-schema-graph\">{\"@context\":\"https:\\\/\\\/schema.org\",\"@graph\":[{\"@type\":\"Article\",\"@id\":\"https:\\\/\\\/www.maarkelsnieuws.nl\\\/?p=136882#article\",\"isPartOf\":{\"@id\":\"https:\\\/\\\/www.maarkelsnieuws.nl\\\/?p=136882\"},\"author\":{\"name\":\"Redactie5\",\"@id\":\"https:\\\/\\\/www.maarkelsnieuws.nl\\\/#\\\/schema\\\/person\\\/f03f5ed9b025ec81e29c1bf4413d9a19\"},\"headline\":\"D66 Hof van Twente stelt kandidatenlijst vast\",\"datePublished\":\"2026-01-09T06:54:41+00:00\",\"mainEntityOfPage\":{\"@id\":\"https:\\\/\\\/www.maarkelsnieuws.nl\\\/?p=136882\"},\"wordCount\":186,\"publisher\":{\"@id\":\"https:\\\/\\\/www.maarkelsnieuws.nl\\\/#organization\"},\"image\":{\"@id\":\"https:\\\/\\\/www.maarkelsnieuws.nl\\\/?p=136882#primaryimage\"},\"thumbnailUrl\":\"https:\\\/\\\/www.maarkelsnieuws.nl\\\/wp-content\\\/uploads\\\/2025\\\/01\\\/raadzaal-scaled.jpg\",\"keywords\":[\"d66\",\"fractie\",\"gemeenteraad\",\"raadszaal\",\"verkiezingen\"],\"articleSection\":[\"Algemeen\"],\"inLanguage\":\"nl-NL\"},{\"@type\":\"WebPage\",\"@id\":\"https:\\\/\\\/www.maarkelsnieuws.nl\\\/?p=136882\",\"url\":\"https:\\\/\\\/www.maarkelsnieuws.nl\\\/?p=136882\",\"name\":\"D66 Hof van Twente stelt kandidatenlijst vast - Maarkelsnieuws.nl\",\"isPartOf\":{\"@id\":\"https:\\\/\\\/www.maarkelsnieuws.nl\\\/#website\"},\"primaryImageOfPage\":{\"@id\":\"https:\\\/\\\/www.maarkelsnieuws.nl\\\/?p=136882#primaryimage\"},\"image\":{\"@id\":\"https:\\\/\\\/www.maarkelsnieuws.nl\\\/?p=136882#primaryimage\"},\"thumbnailUrl\":\"https:\\\/\\\/www.maarkelsnieuws.nl\\\/wp-content\\\/uploads\\\/2025\\\/01\\\/raadzaal-scaled.jpg\",\"datePublished\":\"2026-01-09T06:54:41+00:00\",\"breadcrumb\":{\"@id\":\"https:\\\/\\\/www.maarkelsnieuws.nl\\\/?p=136882#breadcrumb\"},\"inLanguage\":\"nl-NL\",\"potentialAction\":[{\"@type\":\"ReadAction\",\"target\":[\"https:\\\/\\\/www.maarkelsnieuws.nl\\\/?p=136882\"]}]},{\"@type\":\"ImageObject\",\"inLanguage\":\"nl-NL\",\"@id\":\"https:\\\/\\\/www.maarkelsnieuws.nl\\\/?p=136882#primaryimage\",\"url\":\"https:\\\/\\\/www.maarkelsnieuws.nl\\\/wp-content\\\/uploads\\\/2025\\\/01\\\/raadzaal-scaled.jpg\",\"contentUrl\":\"https:\\\/\\\/www.maarkelsnieuws.nl\\\/wp-content\\\/uploads\\\/2025\\\/01\\\/raadzaal-scaled.jpg\",\"width\":1024,\"height\":550},{\"@type\":\"BreadcrumbList\",\"@id\":\"https:\\\/\\\/www.maarkelsnieuws.nl\\\/?p=136882#breadcrumb\",\"itemListElement\":[{\"@type\":\"ListItem\",\"position\":1,\"name\":\"Home\",\"item\":\"https:\\\/\\\/www.maarkelsnieuws.nl\\\/\"},{\"@type\":\"ListItem\",\"position\":2,\"name\":\"D66 Hof van Twente stelt kandidatenlijst vast\"}]},{\"@type\":\"WebSite\",\"@id\":\"https:\\\/\\\/www.maarkelsnieuws.nl\\\/#website\",\"url\":\"https:\\\/\\\/www.maarkelsnieuws.nl\\\/\",\"name\":\"Maarkelsnieuws.nl\",\"description\":\"D\u00e9 nieuwssite van en voor Markelo\",\"publisher\":{\"@id\":\"https:\\\/\\\/www.maarkelsnieuws.nl\\\/#organization\"},\"potentialAction\":[{\"@type\":\"SearchAction\",\"target\":{\"@type\":\"EntryPoint\",\"urlTemplate\":\"https:\\\/\\\/www.maarkelsnieuws.nl\\\/?s={search_term_string}\"},\"query-input\":{\"@type\":\"PropertyValueSpecification\",\"valueRequired\":true,\"valueName\":\"search_term_string\"}}],\"inLanguage\":\"nl-NL\"},{\"@type\":\"Organization\",\"@id\":\"https:\\\/\\\/www.maarkelsnieuws.nl\\\/#organization\",\"name\":\"Stichting Maarkelsnieuws\",\"alternateName\":\"Maarkelsnieuws\",\"url\":\"https:\\\/\\\/www.maarkelsnieuws.nl\\\/\",\"logo\":{\"@type\":\"ImageObject\",\"inLanguage\":\"nl-NL\",\"@id\":\"https:\\\/\\\/www.maarkelsnieuws.nl\\\/#\\\/schema\\\/logo\\\/image\\\/\",\"url\":\"https:\\\/\\\/www.maarkelsnieuws.nl\\\/wp-content\\\/uploads\\\/2016\\\/03\\\/maarkelsnieuws_logo.jpg\",\"contentUrl\":\"https:\\\/\\\/www.maarkelsnieuws.nl\\\/wp-content\\\/uploads\\\/2016\\\/03\\\/maarkelsnieuws_logo.jpg\",\"width\":200,\"height\":200,\"caption\":\"Stichting Maarkelsnieuws\"},\"image\":{\"@id\":\"https:\\\/\\\/www.maarkelsnieuws.nl\\\/#\\\/schema\\\/logo\\\/image\\\/\"},\"sameAs\":[\"https:\\\/\\\/www.facebook.com\\\/Maarkelsnieuws\",\"https:\\\/\\\/x.com\\\/maarkelsnieuws\",\"https:\\\/\\\/www.instagram.com\\\/maarkelsnieuws\\\/\"]},{\"@type\":\"Person\",\"@id\":\"https:\\\/\\\/www.maarkelsnieuws.nl\\\/#\\\/schema\\\/person\\\/f03f5ed9b025ec81e29c1bf4413d9a19\",\"name\":\"Redactie5\",\"image\":{\"@type\":\"ImageObject\",\"inLanguage\":\"nl-NL\",\"@id\":\"https:\\\/\\\/secure.gravatar.com\\\/avatar\\\/751d37dc7b8e616352c40fa449d1abcf9eb0658ac887b71caea4704a0a955a17?s=96&d=mm&r=g\",\"url\":\"https:\\\/\\\/secure.gravatar.com\\\/avatar\\\/751d37dc7b8e616352c40fa449d1abcf9eb0658ac887b71caea4704a0a955a17?s=96&d=mm&r=g\",\"contentUrl\":\"https:\\\/\\\/secure.gravatar.com\\\/avatar\\\/751d37dc7b8e616352c40fa449d1abcf9eb0658ac887b71caea4704a0a955a17?s=96&d=mm&r=g\",\"caption\":\"Redactie5\"},\"url\":\"https:\\\/\\\/www.maarkelsnieuws.nl\\\/?author=2\"}]}<\/script>\n<!-- \/ Yoast SEO plugin. -->","yoast_head_json":{"title":"D66 Hof van Twente stelt kandidatenlijst vast - Maarkelsnieuws.nl","robots":{"index":"index","follow":"follow","max-snippet":"max-snippet:-1","max-image-preview":"max-image-preview:large","max-video-preview":"max-video-preview:-1"},"canonical":"https:\/\/www.maarkelsnieuws.nl\/?p=136882","og_locale":"nl_NL","og_type":"article","og_title":"D66 Hof van Twente stelt kandidatenlijst vast - Maarkelsnieuws.nl","og_description":"D66 Hof van Twente heeft de kandidatenlijst voor de komende gemeenteraadsverkiezingen van 18 maart 2026 vastgesteld. De partij presenteert een evenwichtige lijst met ervaren raadsleden en nieuwe gezichten uit alle kernen van de gemeente. Lijsttrekker is huidige fractievoorzitter Andr\u00e9 de Visser uit Delden. Op de tweede plaats staat huidig raadslid Clemens Vinkenvleugel in Markelo, gevolgd [&hellip;]","og_url":"https:\/\/www.maarkelsnieuws.nl\/?p=136882","og_site_name":"Maarkelsnieuws.nl","article_publisher":"https:\/\/www.facebook.com\/Maarkelsnieuws","article_published_time":"2026-01-09T06:54:41+00:00","og_image":[{"width":1024,"height":550,"url":"https:\/\/www.maarkelsnieuws.nl\/wp-content\/uploads\/2025\/01\/raadzaal-scaled.jpg","type":"image\/jpeg"}],"author":"Redactie5","twitter_card":"summary_large_image","twitter_creator":"@maarkelsnieuws","twitter_site":"@maarkelsnieuws","twitter_misc":{"Geschreven door":"Redactie5","Geschatte leestijd":"1 minuut"},"schema":{"@context":"https:\/\/schema.org","@graph":[{"@type":"Article","@id":"https:\/\/www.maarkelsnieuws.nl\/?p=136882#article","isPartOf":{"@id":"https:\/\/www.maarkelsnieuws.nl\/?p=136882"},"author":{"name":"Redactie5","@id":"https:\/\/www.maarkelsnieuws.nl\/#\/schema\/person\/f03f5ed9b025ec81e29c1bf4413d9a19"},"headline":"D66 Hof van Twente stelt kandidatenlijst vast","datePublished":"2026-01-09T06:54:41+00:00","mainEntityOfPage":{"@id":"https:\/\/www.maarkelsnieuws.nl\/?p=136882"},"wordCount":186,"publisher":{"@id":"https:\/\/www.maarkelsnieuws.nl\/#organization"},"image":{"@id":"https:\/\/www.maarkelsnieuws.nl\/?p=136882#primaryimage"},"thumbnailUrl":"https:\/\/www.maarkelsnieuws.nl\/wp-content\/uploads\/2025\/01\/raadzaal-scaled.jpg","keywords":["d66","fractie","gemeenteraad","raadszaal","verkiezingen"],"articleSection":["Algemeen"],"inLanguage":"nl-NL"},{"@type":"WebPage","@id":"https:\/\/www.maarkelsnieuws.nl\/?p=136882","url":"https:\/\/www.maarkelsnieuws.nl\/?p=136882","name":"D66 Hof van Twente stelt kandidatenlijst vast - Maarkelsnieuws.nl","isPartOf":{"@id":"https:\/\/www.maarkelsnieuws.nl\/#website"},"primaryImageOfPage":{"@id":"https:\/\/www.maarkelsnieuws.nl\/?p=136882#primaryimage"},"image":{"@id":"https:\/\/www.maarkelsnieuws.nl\/?p=136882#primaryimage"},"thumbnailUrl":"https:\/\/www.maarkelsnieuws.nl\/wp-content\/uploads\/2025\/01\/raadzaal-scaled.jpg","datePublished":"2026-01-09T06:54:41+00:00","breadcrumb":{"@id":"https:\/\/www.maarkelsnieuws.nl\/?p=136882#breadcrumb"},"inLanguage":"nl-NL","potentialAction":[{"@type":"ReadAction","target":["https:\/\/www.maarkelsnieuws.nl\/?p=136882"]}]},{"@type":"ImageObject","inLanguage":"nl-NL","@id":"https:\/\/www.maarkelsnieuws.nl\/?p=136882#primaryimage","url":"https:\/\/www.maarkelsnieuws.nl\/wp-content\/uploads\/2025\/01\/raadzaal-scaled.jpg","contentUrl":"https:\/\/www.maarkelsnieuws.nl\/wp-content\/uploads\/2025\/01\/raadzaal-scaled.jpg","width":1024,"height":550},{"@type":"BreadcrumbList","@id":"https:\/\/www.maarkelsnieuws.nl\/?p=136882#breadcrumb","itemListElement":[{"@type":"ListItem","position":1,"name":"Home","item":"https:\/\/www.maarkelsnieuws.nl\/"},{"@type":"ListItem","position":2,"name":"D66 Hof van Twente stelt kandidatenlijst vast"}]},{"@type":"WebSite","@id":"https:\/\/www.maarkelsnieuws.nl\/#website","url":"https:\/\/www.maarkelsnieuws.nl\/","name":"Maarkelsnieuws.nl","description":"D\u00e9 nieuwssite van en voor Markelo","publisher":{"@id":"https:\/\/www.maarkelsnieuws.nl\/#organization"},"potentialAction":[{"@type":"SearchAction","target":{"@type":"EntryPoint","urlTemplate":"https:\/\/www.maarkelsnieuws.nl\/?s={search_term_string}"},"query-input":{"@type":"PropertyValueSpecification","valueRequired":true,"valueName":"search_term_string"}}],"inLanguage":"nl-NL"},{"@type":"Organization","@id":"https:\/\/www.maarkelsnieuws.nl\/#organization","name":"Stichting Maarkelsnieuws","alternateName":"Maarkelsnieuws","url":"https:\/\/www.maarkelsnieuws.nl\/","logo":{"@type":"ImageObject","inLanguage":"nl-NL","@id":"https:\/\/www.maarkelsnieuws.nl\/#\/schema\/logo\/image\/","url":"https:\/\/www.maarkelsnieuws.nl\/wp-content\/uploads\/2016\/03\/maarkelsnieuws_logo.jpg","contentUrl":"https:\/\/www.maarkelsnieuws.nl\/wp-content\/uploads\/2016\/03\/maarkelsnieuws_logo.jpg","width":200,"height":200,"caption":"Stichting Maarkelsnieuws"},"image":{"@id":"https:\/\/www.maarkelsnieuws.nl\/#\/schema\/logo\/image\/"},"sameAs":["https:\/\/www.facebook.com\/Maarkelsnieuws","https:\/\/x.com\/maarkelsnieuws","https:\/\/www.instagram.com\/maarkelsnieuws\/"]},{"@type":"Person","@id":"https:\/\/www.maarkelsnieuws.nl\/#\/schema\/person\/f03f5ed9b025ec81e29c1bf4413d9a19","name":"Redactie5","image":{"@type":"ImageObject","inLanguage":"nl-NL","@id":"https:\/\/secure.gravatar.com\/avatar\/751d37dc7b8e616352c40fa449d1abcf9eb0658ac887b71caea4704a0a955a17?s=96&d=mm&r=g","url":"https:\/\/secure.gravatar.com\/avatar\/751d37dc7b8e616352c40fa449d1abcf9eb0658ac887b71caea4704a0a955a17?s=96&d=mm&r=g","contentUrl":"https:\/\/secure.gravatar.com\/avatar\/751d37dc7b8e616352c40fa449d1abcf9eb0658ac887b71caea4704a0a955a17?s=96&d=mm&r=g","caption":"Redactie5"},"url":"https:\/\/www.maarkelsnieuws.nl\/?author=2"}]}},"_links":{"self":[{"href":"https:\/\/www.maarkelsnieuws.nl\/index.php?rest_route=\/wp\/v2\/posts\/136882","targetHints":{"allow":["GET"]}}],"collection":[{"href":"https:\/\/www.maarkelsnieuws.nl\/index.php?rest_route=\/wp\/v2\/posts"}],"about":[{"href":"https:\/\/www.maarkelsnieuws.nl\/index.php?rest_route=\/wp\/v2\/types\/post"}],"author":[{"embeddable":true,"href":"https:\/\/www.maarkelsnieuws.nl\/index.php?rest_route=\/wp\/v2\/users\/2"}],"replies":[{"embeddable":true,"href":"https:\/\/www.maarkelsnieuws.nl\/index.php?rest_route=%2Fwp%2Fv2%2Fcomments&post=136882"}],"version-history":[{"count":1,"href":"https:\/\/www.maarkelsnieuws.nl\/index.php?rest_route=\/wp\/v2\/posts\/136882\/revisions"}],"predecessor-version":[{"id":136883,"href":"https:\/\/www.maarkelsnieuws.nl\/index.php?rest_route=\/wp\/v2\/posts\/136882\/revisions\/136883"}],"wp:featuredmedia":[{"embeddable":true,"href":"https:\/\/www.maarkelsnieuws.nl\/index.php?rest_route=\/wp\/v2\/media\/129413"}],"wp:attachment":[{"href":"https:\/\/www.maarkelsnieuws.nl\/index.php?rest_route=%2Fwp%2Fv2%2Fmedia&parent=136882"}],"wp:term":[{"taxonomy":"category","embeddable":true,"href":"https:\/\/www.maarkelsnieuws.nl\/index.php?rest_route=%2Fwp%2Fv2%2Fcategories&post=136882"},{"taxonomy":"post_tag","embeddable":true,"href":"https:\/\/www.maarkelsnieuws.nl\/index.php?rest_route=%2Fwp%2Fv2%2Ftags&post=136882"}],"curies":[{"name":"wp","href":"https:\/\/api.w.org\/{rel}","templated":true}]}}