{"id":133750,"date":"2025-08-25T22:54:29","date_gmt":"2025-08-25T20:54:29","guid":{"rendered":"https:\/\/www.maarkelsnieuws.nl\/?p=133750"},"modified":"2025-08-25T22:54:29","modified_gmt":"2025-08-25T20:54:29","slug":"basisschool-de-welp-ontvangt-kinderen-in-de-carwash","status":"publish","type":"post","link":"https:\/\/www.maarkelsnieuws.nl\/?p=133750","title":{"rendered":"Basisschool de Welp ontvangt kinderen in de carwash"},"content":{"rendered":"<p><strong><a href=\"https:\/\/www.maarkelsnieuws.nl\/wp-content\/uploads\/2025\/08\/de-welp-20250825-2.jpeg\"><img loading=\"lazy\" decoding=\"async\" class=\"wp-image-133751  alignleft\" src=\"https:\/\/www.maarkelsnieuws.nl\/wp-content\/uploads\/2025\/08\/de-welp-20250825-2-561x450.jpeg\" alt=\"\" width=\"150\" height=\"120\" srcset=\"https:\/\/www.maarkelsnieuws.nl\/wp-content\/uploads\/2025\/08\/de-welp-20250825-2-561x450.jpeg 561w, https:\/\/www.maarkelsnieuws.nl\/wp-content\/uploads\/2025\/08\/de-welp-20250825-2.jpeg 960w\" sizes=\"auto, (max-width: 150px) 100vw, 150px\" \/><\/a>De basisscholen in Hof van Twente zijn vandaag weer begonnen na de zomervakantie. Bij Basisschool De Welp in Markelo werden de leerlingen deze maandagochtend niet zomaar welkom geheten, maar mochten eerst door een heuse \u2018Welpenwash\u2019 voordat ze het schoolgebouw betraden. <\/strong><strong>Zoals ieder jaar zorgde het team van De Welp weer voor een ludieke start van het nieuwe schooljaar. Mevrouw Helderder \u2013 een rol van juf Mich\u00e8le \u2013 keek vanochtend ietwat paniekerig naar buiten bij het Kindcentrum: de welpen kwamen eraan, nog een beetje stoffig, plakkerig en vooral&#8230; geurend naar zes weken vakantie!<\/strong><!--more--><\/p>\n<p>Gelukkig had ze haar walkie talkie bij de hand en riep ze razendsnel haar reddingsteam op: Team Carwash! Leah mocht als eerste de carwash betreden met een gouden munt en werd grondig gewassen, geborsteld, gef\u00f6hnd en voorzien van een heerlijk geurtje. Onder begeleiding van Pleun en Teun F\u00f6hn kregen alle kinderen een frisse start. De actie zorgde voor veel vrolijke gezichten \u00e9n schone welpen. Klaar voor het nieuwe schooljaar.<\/p>\n<p>Met deze speelse binnenkomer is het schooljaar 2025-2026 op Basisschool De Welp fris van start gegaan. Leerkrachten en leerlingen hebben er zin in.<\/p>\n<div id='gallery-1' class='gallery galleryid-133750 gallery-columns-4 gallery-size-medium'><figure class='gallery-item'>\n\t\t\t<div class='gallery-icon portrait'>\n\t\t\t\t<a href='https:\/\/www.maarkelsnieuws.nl\/?attachment_id=133755'><img loading=\"lazy\" decoding=\"async\" width=\"292\" height=\"450\" src=\"https:\/\/www.maarkelsnieuws.nl\/wp-content\/uploads\/2025\/08\/de-welp-20250825-1-292x450.jpeg\" class=\"attachment-medium size-medium\" alt=\"\" srcset=\"https:\/\/www.maarkelsnieuws.nl\/wp-content\/uploads\/2025\/08\/de-welp-20250825-1-292x450.jpeg 292w, https:\/\/www.maarkelsnieuws.nl\/wp-content\/uploads\/2025\/08\/de-welp-20250825-1-scaled.jpeg 664w, https:\/\/www.maarkelsnieuws.nl\/wp-content\/uploads\/2025\/08\/de-welp-20250825-1-997x1536.jpeg 997w\" sizes=\"auto, (max-width: 292px) 100vw, 292px\" \/><\/a>\n\t\t\t<\/div><\/figure><figure class='gallery-item'>\n\t\t\t<div class='gallery-icon portrait'>\n\t\t\t\t<a href='https:\/\/www.maarkelsnieuws.nl\/?attachment_id=133754'><img loading=\"lazy\" decoding=\"async\" width=\"290\" height=\"450\" src=\"https:\/\/www.maarkelsnieuws.nl\/wp-content\/uploads\/2025\/08\/de-welp-20250825-5-290x450.jpeg\" class=\"attachment-medium size-medium\" alt=\"\" srcset=\"https:\/\/www.maarkelsnieuws.nl\/wp-content\/uploads\/2025\/08\/de-welp-20250825-5-290x450.jpeg 290w, https:\/\/www.maarkelsnieuws.nl\/wp-content\/uploads\/2025\/08\/de-welp-20250825-5-scaled.jpeg 660w, https:\/\/www.maarkelsnieuws.nl\/wp-content\/uploads\/2025\/08\/de-welp-20250825-5-990x1536.jpeg 990w\" sizes=\"auto, (max-width: 290px) 100vw, 290px\" \/><\/a>\n\t\t\t<\/div><\/figure><figure class='gallery-item'>\n\t\t\t<div class='gallery-icon portrait'>\n\t\t\t\t<a href='https:\/\/www.maarkelsnieuws.nl\/?attachment_id=133753'><img loading=\"lazy\" decoding=\"async\" width=\"289\" height=\"450\" src=\"https:\/\/www.maarkelsnieuws.nl\/wp-content\/uploads\/2025\/08\/de-welp-20250825-4-289x450.jpeg\" class=\"attachment-medium size-medium\" alt=\"\" srcset=\"https:\/\/www.maarkelsnieuws.nl\/wp-content\/uploads\/2025\/08\/de-welp-20250825-4-289x450.jpeg 289w, https:\/\/www.maarkelsnieuws.nl\/wp-content\/uploads\/2025\/08\/de-welp-20250825-4-scaled.jpeg 658w, https:\/\/www.maarkelsnieuws.nl\/wp-content\/uploads\/2025\/08\/de-welp-20250825-4-987x1536.jpeg 987w\" sizes=\"auto, (max-width: 289px) 100vw, 289px\" \/><\/a>\n\t\t\t<\/div><\/figure><figure class='gallery-item'>\n\t\t\t<div class='gallery-icon portrait'>\n\t\t\t\t<a href='https:\/\/www.maarkelsnieuws.nl\/?attachment_id=133752'><img loading=\"lazy\" decoding=\"async\" width=\"306\" height=\"450\" src=\"https:\/\/www.maarkelsnieuws.nl\/wp-content\/uploads\/2025\/08\/de-welp-20250825-3-306x450.jpeg\" class=\"attachment-medium size-medium\" alt=\"\" srcset=\"https:\/\/www.maarkelsnieuws.nl\/wp-content\/uploads\/2025\/08\/de-welp-20250825-3-306x450.jpeg 306w, https:\/\/www.maarkelsnieuws.nl\/wp-content\/uploads\/2025\/08\/de-welp-20250825-3.jpeg 528w\" sizes=\"auto, (max-width: 306px) 100vw, 306px\" \/><\/a>\n\t\t\t<\/div><\/figure>\n\t\t<\/div>\n\n","protected":false},"excerpt":{"rendered":"<p>De basisscholen in Hof van Twente zijn vandaag weer begonnen na de zomervakantie. Bij Basisschool De Welp in Markelo werden de leerlingen deze maandagochtend niet zomaar welkom geheten, maar mochten eerst door een heuse \u2018Welpenwash\u2019 voordat ze het schoolgebouw betraden. Zoals ieder jaar zorgde het team van De Welp weer voor een ludieke start van [&hellip;]<\/p>\n","protected":false},"author":11,"featured_media":133751,"comment_status":"closed","ping_status":"closed","sticky":false,"template":"","format":"standard","meta":{"footnotes":""},"categories":[8],"tags":[],"class_list":["post-133750","post","type-post","status-publish","format-standard","has-post-thumbnail","hentry","category-c1-algemeen"],"acf":[],"yoast_head":"<!-- This site is optimized with the Yoast SEO plugin v27.5 - https:\/\/yoast.com\/product\/yoast-seo-wordpress\/ -->\n<title>Basisschool de Welp ontvangt kinderen in de carwash - Maarkelsnieuws.nl<\/title>\n<meta name=\"description\" content=\"Basisschool de Welp ontvangt kinderen in de carwash\" \/>\n<meta name=\"robots\" content=\"index, follow, max-snippet:-1, max-image-preview:large, max-video-preview:-1\" \/>\n<link rel=\"canonical\" href=\"https:\/\/www.maarkelsnieuws.nl\/?p=133750\" \/>\n<meta property=\"og:locale\" content=\"nl_NL\" \/>\n<meta property=\"og:type\" content=\"article\" \/>\n<meta property=\"og:title\" content=\"Basisschool de Welp ontvangt kinderen in de carwash - Maarkelsnieuws.nl\" \/>\n<meta property=\"og:description\" content=\"Basisschool de Welp ontvangt kinderen in de carwash\" \/>\n<meta property=\"og:url\" content=\"https:\/\/www.maarkelsnieuws.nl\/?p=133750\" \/>\n<meta property=\"og:site_name\" content=\"Maarkelsnieuws.nl\" \/>\n<meta property=\"article:publisher\" content=\"https:\/\/www.facebook.com\/Maarkelsnieuws\" \/>\n<meta property=\"article:published_time\" content=\"2025-08-25T20:54:29+00:00\" \/>\n<meta property=\"og:image\" content=\"https:\/\/www.maarkelsnieuws.nl\/wp-content\/uploads\/2025\/08\/de-welp-20250825-2.jpeg\" \/>\n\t<meta property=\"og:image:width\" content=\"960\" \/>\n\t<meta property=\"og:image:height\" content=\"770\" \/>\n\t<meta property=\"og:image:type\" content=\"image\/jpeg\" \/>\n<meta name=\"author\" content=\"Redactie18\" \/>\n<meta name=\"twitter:card\" content=\"summary_large_image\" \/>\n<meta name=\"twitter:creator\" content=\"@maarkelsnieuws\" \/>\n<meta name=\"twitter:site\" content=\"@maarkelsnieuws\" \/>\n<meta name=\"twitter:label1\" content=\"Geschreven door\" \/>\n\t<meta name=\"twitter:data1\" content=\"Redactie18\" \/>\n\t<meta name=\"twitter:label2\" content=\"Geschatte leestijd\" \/>\n\t<meta name=\"twitter:data2\" content=\"1 minuut\" \/>\n<script type=\"application\/ld+json\" class=\"yoast-schema-graph\">{\"@context\":\"https:\\\/\\\/schema.org\",\"@graph\":[{\"@type\":\"Article\",\"@id\":\"https:\\\/\\\/www.maarkelsnieuws.nl\\\/?p=133750#article\",\"isPartOf\":{\"@id\":\"https:\\\/\\\/www.maarkelsnieuws.nl\\\/?p=133750\"},\"author\":{\"name\":\"Redactie18\",\"@id\":\"https:\\\/\\\/www.maarkelsnieuws.nl\\\/#\\\/schema\\\/person\\\/6715aee3dd4a12203d38193f78a0dade\"},\"headline\":\"Basisschool de Welp ontvangt kinderen in de carwash\",\"datePublished\":\"2025-08-25T20:54:29+00:00\",\"mainEntityOfPage\":{\"@id\":\"https:\\\/\\\/www.maarkelsnieuws.nl\\\/?p=133750\"},\"wordCount\":198,\"publisher\":{\"@id\":\"https:\\\/\\\/www.maarkelsnieuws.nl\\\/#organization\"},\"image\":{\"@id\":\"https:\\\/\\\/www.maarkelsnieuws.nl\\\/?p=133750#primaryimage\"},\"thumbnailUrl\":\"https:\\\/\\\/www.maarkelsnieuws.nl\\\/wp-content\\\/uploads\\\/2025\\\/08\\\/de-welp-20250825-2.jpeg\",\"articleSection\":[\"Algemeen\"],\"inLanguage\":\"nl-NL\"},{\"@type\":\"WebPage\",\"@id\":\"https:\\\/\\\/www.maarkelsnieuws.nl\\\/?p=133750\",\"url\":\"https:\\\/\\\/www.maarkelsnieuws.nl\\\/?p=133750\",\"name\":\"Basisschool de Welp ontvangt kinderen in de carwash - Maarkelsnieuws.nl\",\"isPartOf\":{\"@id\":\"https:\\\/\\\/www.maarkelsnieuws.nl\\\/#website\"},\"primaryImageOfPage\":{\"@id\":\"https:\\\/\\\/www.maarkelsnieuws.nl\\\/?p=133750#primaryimage\"},\"image\":{\"@id\":\"https:\\\/\\\/www.maarkelsnieuws.nl\\\/?p=133750#primaryimage\"},\"thumbnailUrl\":\"https:\\\/\\\/www.maarkelsnieuws.nl\\\/wp-content\\\/uploads\\\/2025\\\/08\\\/de-welp-20250825-2.jpeg\",\"datePublished\":\"2025-08-25T20:54:29+00:00\",\"description\":\"Basisschool de Welp ontvangt kinderen in de carwash\",\"breadcrumb\":{\"@id\":\"https:\\\/\\\/www.maarkelsnieuws.nl\\\/?p=133750#breadcrumb\"},\"inLanguage\":\"nl-NL\",\"potentialAction\":[{\"@type\":\"ReadAction\",\"target\":[\"https:\\\/\\\/www.maarkelsnieuws.nl\\\/?p=133750\"]}]},{\"@type\":\"ImageObject\",\"inLanguage\":\"nl-NL\",\"@id\":\"https:\\\/\\\/www.maarkelsnieuws.nl\\\/?p=133750#primaryimage\",\"url\":\"https:\\\/\\\/www.maarkelsnieuws.nl\\\/wp-content\\\/uploads\\\/2025\\\/08\\\/de-welp-20250825-2.jpeg\",\"contentUrl\":\"https:\\\/\\\/www.maarkelsnieuws.nl\\\/wp-content\\\/uploads\\\/2025\\\/08\\\/de-welp-20250825-2.jpeg\",\"width\":960,\"height\":770},{\"@type\":\"BreadcrumbList\",\"@id\":\"https:\\\/\\\/www.maarkelsnieuws.nl\\\/?p=133750#breadcrumb\",\"itemListElement\":[{\"@type\":\"ListItem\",\"position\":1,\"name\":\"Home\",\"item\":\"https:\\\/\\\/www.maarkelsnieuws.nl\\\/\"},{\"@type\":\"ListItem\",\"position\":2,\"name\":\"Basisschool de Welp ontvangt kinderen in de carwash\"}]},{\"@type\":\"WebSite\",\"@id\":\"https:\\\/\\\/www.maarkelsnieuws.nl\\\/#website\",\"url\":\"https:\\\/\\\/www.maarkelsnieuws.nl\\\/\",\"name\":\"Maarkelsnieuws.nl\",\"description\":\"D\u00e9 nieuwssite van en voor Markelo\",\"publisher\":{\"@id\":\"https:\\\/\\\/www.maarkelsnieuws.nl\\\/#organization\"},\"potentialAction\":[{\"@type\":\"SearchAction\",\"target\":{\"@type\":\"EntryPoint\",\"urlTemplate\":\"https:\\\/\\\/www.maarkelsnieuws.nl\\\/?s={search_term_string}\"},\"query-input\":{\"@type\":\"PropertyValueSpecification\",\"valueRequired\":true,\"valueName\":\"search_term_string\"}}],\"inLanguage\":\"nl-NL\"},{\"@type\":\"Organization\",\"@id\":\"https:\\\/\\\/www.maarkelsnieuws.nl\\\/#organization\",\"name\":\"Stichting Maarkelsnieuws\",\"alternateName\":\"Maarkelsnieuws\",\"url\":\"https:\\\/\\\/www.maarkelsnieuws.nl\\\/\",\"logo\":{\"@type\":\"ImageObject\",\"inLanguage\":\"nl-NL\",\"@id\":\"https:\\\/\\\/www.maarkelsnieuws.nl\\\/#\\\/schema\\\/logo\\\/image\\\/\",\"url\":\"https:\\\/\\\/www.maarkelsnieuws.nl\\\/wp-content\\\/uploads\\\/2016\\\/03\\\/maarkelsnieuws_logo.jpg\",\"contentUrl\":\"https:\\\/\\\/www.maarkelsnieuws.nl\\\/wp-content\\\/uploads\\\/2016\\\/03\\\/maarkelsnieuws_logo.jpg\",\"width\":200,\"height\":200,\"caption\":\"Stichting Maarkelsnieuws\"},\"image\":{\"@id\":\"https:\\\/\\\/www.maarkelsnieuws.nl\\\/#\\\/schema\\\/logo\\\/image\\\/\"},\"sameAs\":[\"https:\\\/\\\/www.facebook.com\\\/Maarkelsnieuws\",\"https:\\\/\\\/x.com\\\/maarkelsnieuws\",\"https:\\\/\\\/www.instagram.com\\\/maarkelsnieuws\\\/\"]},{\"@type\":\"Person\",\"@id\":\"https:\\\/\\\/www.maarkelsnieuws.nl\\\/#\\\/schema\\\/person\\\/6715aee3dd4a12203d38193f78a0dade\",\"name\":\"Redactie18\",\"image\":{\"@type\":\"ImageObject\",\"inLanguage\":\"nl-NL\",\"@id\":\"https:\\\/\\\/secure.gravatar.com\\\/avatar\\\/7cfe6c5d96338641fbb59a6390b6879e1e94fdeadbba58cda35fd2ff247f03dc?s=96&d=mm&r=g\",\"url\":\"https:\\\/\\\/secure.gravatar.com\\\/avatar\\\/7cfe6c5d96338641fbb59a6390b6879e1e94fdeadbba58cda35fd2ff247f03dc?s=96&d=mm&r=g\",\"contentUrl\":\"https:\\\/\\\/secure.gravatar.com\\\/avatar\\\/7cfe6c5d96338641fbb59a6390b6879e1e94fdeadbba58cda35fd2ff247f03dc?s=96&d=mm&r=g\",\"caption\":\"Redactie18\"},\"url\":\"https:\\\/\\\/www.maarkelsnieuws.nl\\\/?author=11\"}]}<\/script>\n<!-- \/ Yoast SEO plugin. -->","yoast_head_json":{"title":"Basisschool de Welp ontvangt kinderen in de carwash - Maarkelsnieuws.nl","description":"Basisschool de Welp ontvangt kinderen in de carwash","robots":{"index":"index","follow":"follow","max-snippet":"max-snippet:-1","max-image-preview":"max-image-preview:large","max-video-preview":"max-video-preview:-1"},"canonical":"https:\/\/www.maarkelsnieuws.nl\/?p=133750","og_locale":"nl_NL","og_type":"article","og_title":"Basisschool de Welp ontvangt kinderen in de carwash - Maarkelsnieuws.nl","og_description":"Basisschool de Welp ontvangt kinderen in de carwash","og_url":"https:\/\/www.maarkelsnieuws.nl\/?p=133750","og_site_name":"Maarkelsnieuws.nl","article_publisher":"https:\/\/www.facebook.com\/Maarkelsnieuws","article_published_time":"2025-08-25T20:54:29+00:00","og_image":[{"width":960,"height":770,"url":"https:\/\/www.maarkelsnieuws.nl\/wp-content\/uploads\/2025\/08\/de-welp-20250825-2.jpeg","type":"image\/jpeg"}],"author":"Redactie18","twitter_card":"summary_large_image","twitter_creator":"@maarkelsnieuws","twitter_site":"@maarkelsnieuws","twitter_misc":{"Geschreven door":"Redactie18","Geschatte leestijd":"1 minuut"},"schema":{"@context":"https:\/\/schema.org","@graph":[{"@type":"Article","@id":"https:\/\/www.maarkelsnieuws.nl\/?p=133750#article","isPartOf":{"@id":"https:\/\/www.maarkelsnieuws.nl\/?p=133750"},"author":{"name":"Redactie18","@id":"https:\/\/www.maarkelsnieuws.nl\/#\/schema\/person\/6715aee3dd4a12203d38193f78a0dade"},"headline":"Basisschool de Welp ontvangt kinderen in de carwash","datePublished":"2025-08-25T20:54:29+00:00","mainEntityOfPage":{"@id":"https:\/\/www.maarkelsnieuws.nl\/?p=133750"},"wordCount":198,"publisher":{"@id":"https:\/\/www.maarkelsnieuws.nl\/#organization"},"image":{"@id":"https:\/\/www.maarkelsnieuws.nl\/?p=133750#primaryimage"},"thumbnailUrl":"https:\/\/www.maarkelsnieuws.nl\/wp-content\/uploads\/2025\/08\/de-welp-20250825-2.jpeg","articleSection":["Algemeen"],"inLanguage":"nl-NL"},{"@type":"WebPage","@id":"https:\/\/www.maarkelsnieuws.nl\/?p=133750","url":"https:\/\/www.maarkelsnieuws.nl\/?p=133750","name":"Basisschool de Welp ontvangt kinderen in de carwash - Maarkelsnieuws.nl","isPartOf":{"@id":"https:\/\/www.maarkelsnieuws.nl\/#website"},"primaryImageOfPage":{"@id":"https:\/\/www.maarkelsnieuws.nl\/?p=133750#primaryimage"},"image":{"@id":"https:\/\/www.maarkelsnieuws.nl\/?p=133750#primaryimage"},"thumbnailUrl":"https:\/\/www.maarkelsnieuws.nl\/wp-content\/uploads\/2025\/08\/de-welp-20250825-2.jpeg","datePublished":"2025-08-25T20:54:29+00:00","description":"Basisschool de Welp ontvangt kinderen in de carwash","breadcrumb":{"@id":"https:\/\/www.maarkelsnieuws.nl\/?p=133750#breadcrumb"},"inLanguage":"nl-NL","potentialAction":[{"@type":"ReadAction","target":["https:\/\/www.maarkelsnieuws.nl\/?p=133750"]}]},{"@type":"ImageObject","inLanguage":"nl-NL","@id":"https:\/\/www.maarkelsnieuws.nl\/?p=133750#primaryimage","url":"https:\/\/www.maarkelsnieuws.nl\/wp-content\/uploads\/2025\/08\/de-welp-20250825-2.jpeg","contentUrl":"https:\/\/www.maarkelsnieuws.nl\/wp-content\/uploads\/2025\/08\/de-welp-20250825-2.jpeg","width":960,"height":770},{"@type":"BreadcrumbList","@id":"https:\/\/www.maarkelsnieuws.nl\/?p=133750#breadcrumb","itemListElement":[{"@type":"ListItem","position":1,"name":"Home","item":"https:\/\/www.maarkelsnieuws.nl\/"},{"@type":"ListItem","position":2,"name":"Basisschool de Welp ontvangt kinderen in de carwash"}]},{"@type":"WebSite","@id":"https:\/\/www.maarkelsnieuws.nl\/#website","url":"https:\/\/www.maarkelsnieuws.nl\/","name":"Maarkelsnieuws.nl","description":"D\u00e9 nieuwssite van en voor Markelo","publisher":{"@id":"https:\/\/www.maarkelsnieuws.nl\/#organization"},"potentialAction":[{"@type":"SearchAction","target":{"@type":"EntryPoint","urlTemplate":"https:\/\/www.maarkelsnieuws.nl\/?s={search_term_string}"},"query-input":{"@type":"PropertyValueSpecification","valueRequired":true,"valueName":"search_term_string"}}],"inLanguage":"nl-NL"},{"@type":"Organization","@id":"https:\/\/www.maarkelsnieuws.nl\/#organization","name":"Stichting Maarkelsnieuws","alternateName":"Maarkelsnieuws","url":"https:\/\/www.maarkelsnieuws.nl\/","logo":{"@type":"ImageObject","inLanguage":"nl-NL","@id":"https:\/\/www.maarkelsnieuws.nl\/#\/schema\/logo\/image\/","url":"https:\/\/www.maarkelsnieuws.nl\/wp-content\/uploads\/2016\/03\/maarkelsnieuws_logo.jpg","contentUrl":"https:\/\/www.maarkelsnieuws.nl\/wp-content\/uploads\/2016\/03\/maarkelsnieuws_logo.jpg","width":200,"height":200,"caption":"Stichting Maarkelsnieuws"},"image":{"@id":"https:\/\/www.maarkelsnieuws.nl\/#\/schema\/logo\/image\/"},"sameAs":["https:\/\/www.facebook.com\/Maarkelsnieuws","https:\/\/x.com\/maarkelsnieuws","https:\/\/www.instagram.com\/maarkelsnieuws\/"]},{"@type":"Person","@id":"https:\/\/www.maarkelsnieuws.nl\/#\/schema\/person\/6715aee3dd4a12203d38193f78a0dade","name":"Redactie18","image":{"@type":"ImageObject","inLanguage":"nl-NL","@id":"https:\/\/secure.gravatar.com\/avatar\/7cfe6c5d96338641fbb59a6390b6879e1e94fdeadbba58cda35fd2ff247f03dc?s=96&d=mm&r=g","url":"https:\/\/secure.gravatar.com\/avatar\/7cfe6c5d96338641fbb59a6390b6879e1e94fdeadbba58cda35fd2ff247f03dc?s=96&d=mm&r=g","contentUrl":"https:\/\/secure.gravatar.com\/avatar\/7cfe6c5d96338641fbb59a6390b6879e1e94fdeadbba58cda35fd2ff247f03dc?s=96&d=mm&r=g","caption":"Redactie18"},"url":"https:\/\/www.maarkelsnieuws.nl\/?author=11"}]}},"_links":{"self":[{"href":"https:\/\/www.maarkelsnieuws.nl\/index.php?rest_route=\/wp\/v2\/posts\/133750","targetHints":{"allow":["GET"]}}],"collection":[{"href":"https:\/\/www.maarkelsnieuws.nl\/index.php?rest_route=\/wp\/v2\/posts"}],"about":[{"href":"https:\/\/www.maarkelsnieuws.nl\/index.php?rest_route=\/wp\/v2\/types\/post"}],"author":[{"embeddable":true,"href":"https:\/\/www.maarkelsnieuws.nl\/index.php?rest_route=\/wp\/v2\/users\/11"}],"replies":[{"embeddable":true,"href":"https:\/\/www.maarkelsnieuws.nl\/index.php?rest_route=%2Fwp%2Fv2%2Fcomments&post=133750"}],"version-history":[{"count":1,"href":"https:\/\/www.maarkelsnieuws.nl\/index.php?rest_route=\/wp\/v2\/posts\/133750\/revisions"}],"predecessor-version":[{"id":133756,"href":"https:\/\/www.maarkelsnieuws.nl\/index.php?rest_route=\/wp\/v2\/posts\/133750\/revisions\/133756"}],"wp:featuredmedia":[{"embeddable":true,"href":"https:\/\/www.maarkelsnieuws.nl\/index.php?rest_route=\/wp\/v2\/media\/133751"}],"wp:attachment":[{"href":"https:\/\/www.maarkelsnieuws.nl\/index.php?rest_route=%2Fwp%2Fv2%2Fmedia&parent=133750"}],"wp:term":[{"taxonomy":"category","embeddable":true,"href":"https:\/\/www.maarkelsnieuws.nl\/index.php?rest_route=%2Fwp%2Fv2%2Fcategories&post=133750"},{"taxonomy":"post_tag","embeddable":true,"href":"https:\/\/www.maarkelsnieuws.nl\/index.php?rest_route=%2Fwp%2Fv2%2Ftags&post=133750"}],"curies":[{"name":"wp","href":"https:\/\/api.w.org\/{rel}","templated":true}]}}