{"id":112468,"date":"2022-11-17T16:10:21","date_gmt":"2022-11-17T15:10:21","guid":{"rendered":"https:\/\/www.maarkelsnieuws.nl\/?p=112468"},"modified":"2022-11-17T13:36:07","modified_gmt":"2022-11-17T12:36:07","slug":"kerk-krijgt-multifunctionele-invulling","status":"publish","type":"post","link":"https:\/\/www.maarkelsnieuws.nl\/?p=112468","title":{"rendered":"Kerk krijgt multifunctionele invulling"},"content":{"rendered":"<p><strong><img loading=\"lazy\" decoding=\"async\" class=\"size-medium wp-image-112471 aligncenter\" src=\"https:\/\/www.maarkelsnieuws.nl\/wp-content\/uploads\/2022\/11\/Scene-18-2-496x450.png\" alt=\"\" width=\"496\" height=\"450\" srcset=\"https:\/\/www.maarkelsnieuws.nl\/wp-content\/uploads\/2022\/11\/Scene-18-2-496x450.png 496w, https:\/\/www.maarkelsnieuws.nl\/wp-content\/uploads\/2022\/11\/Scene-18-2.png 609w\" sizes=\"auto, (max-width: 496px) 100vw, 496px\" \/><\/strong><\/p>\n<p><strong>De Martinuskerk moet een multifunctioneel gebouw worden als het aan de meerderheid van de Markelo\u00ebrs ligt die in oktober 2020 een online enqu\u00eate hebben ingevuld. Met dit gegeven en nog andere uitkomsten zijn de inmiddels afgestudeerde studenten Dani\u00eblle van Coeverden, Wies Veenhuis, Britt Pelupessy en Hanna Landeweerd van de Jan des Bouvrie Academy aan de slag gegaan in opdracht van de Kerkrentmeesters. Een plan dat moet aansluiten op de nieuwe functies voor de Martinuskerk, die kunnen bestaan naast de huidige kerkdiensten. Gisteravond presenteerden Dani\u00eblle van Coeverden en Diederik Roeterdink enthousiast het ontwerpplan voor de herinrichting van de kerk tijdens een goed bezochte gemeenteavond in de Martinushof. De plannen voor de herinrichting van de kerk zorgen er tevens voor dat de ingang van de kerk verplaatst wordt naar de Grotestraat. <\/strong><!--more--><\/p>\n<p><strong>Multifunctionele trap<\/strong><br \/>\nOm het ontwerp van de herinrichting van de Markelose Martinuskerk aan te laten sluiten op de uitkomst van de enqu\u00eate, zijn de studenten aan de slag gegaan met de kernwoorden multifunctionaliteit en flexibiliteit. Vanuit deze kernwoorden is het concept &#8216;multifunctionele trap&#8217; tot stand gekomen. Met het ontwerpen van dit ruimtelijk object in de kerk wordt volledig ingespeeld op alle gewenste activiteiten. Het ontwerpplan is voorafgaand aan de presentatie besproken met de Kerkenraad, de Erfgoedcommissie Hof van Twente, de Provincie Overijssel en de Rijksdienst voor Cultureel erfgoed, die allen positief reageerden op de plannen.<\/p>\n<p><strong>Ontwerp ter inzage<\/strong><br \/>\nHet ontwerpvoorstel is de komende weken te bekijken in de Martinuskerk. &#8220;We zijn erg benieuwd naar de reacties van alle Markelo\u00ebrs en willen dan ook vragen om het ontwerpvoorstel in de komende weken te komen bekijken in de Martinuskerk. Posters en visualisaties zijn hier te bekijken en geven een goed beeld van de plannen voor de herinrichting van onze kerk in Markelo&#8221;, vertellen de Kerkrentmeesters.<\/p>\n","protected":false},"excerpt":{"rendered":"<p>De Martinuskerk moet een multifunctioneel gebouw worden als het aan de meerderheid van de Markelo\u00ebrs ligt die in oktober 2020 een online enqu\u00eate hebben ingevuld. Met dit gegeven en nog andere uitkomsten zijn de inmiddels afgestudeerde studenten Dani\u00eblle van Coeverden, Wies Veenhuis, Britt Pelupessy en Hanna Landeweerd van de Jan des Bouvrie Academy aan de [&hellip;]<\/p>\n","protected":false},"author":11,"featured_media":110026,"comment_status":"open","ping_status":"open","sticky":false,"template":"","format":"standard","meta":{"footnotes":""},"categories":[8],"tags":[],"class_list":["post-112468","post","type-post","status-publish","format-standard","has-post-thumbnail","hentry","category-c1-algemeen","frontpage-homepage","frontpage-slider"],"acf":[],"yoast_head":"<!-- This site is optimized with the Yoast SEO plugin v27.5 - https:\/\/yoast.com\/product\/yoast-seo-wordpress\/ -->\n<title>Kerk krijgt multifunctionele invulling - Maarkelsnieuws.nl<\/title>\n<meta name=\"robots\" content=\"index, follow, max-snippet:-1, max-image-preview:large, max-video-preview:-1\" \/>\n<link rel=\"canonical\" href=\"https:\/\/www.maarkelsnieuws.nl\/?p=112468\" \/>\n<meta property=\"og:locale\" content=\"nl_NL\" \/>\n<meta property=\"og:type\" content=\"article\" \/>\n<meta property=\"og:title\" content=\"Kerk krijgt multifunctionele invulling - Maarkelsnieuws.nl\" \/>\n<meta property=\"og:description\" content=\"De Martinuskerk moet een multifunctioneel gebouw worden als het aan de meerderheid van de Markelo\u00ebrs ligt die in oktober 2020 een online enqu\u00eate hebben ingevuld. Met dit gegeven en nog andere uitkomsten zijn de inmiddels afgestudeerde studenten Dani\u00eblle van Coeverden, Wies Veenhuis, Britt Pelupessy en Hanna Landeweerd van de Jan des Bouvrie Academy aan de [&hellip;]\" \/>\n<meta property=\"og:url\" content=\"https:\/\/www.maarkelsnieuws.nl\/?p=112468\" \/>\n<meta property=\"og:site_name\" content=\"Maarkelsnieuws.nl\" \/>\n<meta property=\"article:publisher\" content=\"https:\/\/www.facebook.com\/Maarkelsnieuws\" \/>\n<meta property=\"article:published_time\" content=\"2022-11-17T15:10:21+00:00\" \/>\n<meta property=\"og:image\" content=\"https:\/\/www.maarkelsnieuws.nl\/wp-content\/uploads\/2022\/08\/Martinuskerk-FSMN-20220819-2-1730.jpg\" \/>\n\t<meta property=\"og:image:width\" content=\"1024\" \/>\n\t<meta property=\"og:image:height\" content=\"681\" \/>\n\t<meta property=\"og:image:type\" content=\"image\/jpeg\" \/>\n<meta name=\"author\" content=\"Redactie18\" \/>\n<meta name=\"twitter:card\" content=\"summary_large_image\" \/>\n<meta name=\"twitter:creator\" content=\"@maarkelsnieuws\" \/>\n<meta name=\"twitter:site\" content=\"@maarkelsnieuws\" \/>\n<meta name=\"twitter:label1\" content=\"Geschreven door\" \/>\n\t<meta name=\"twitter:data1\" content=\"Redactie18\" \/>\n\t<meta name=\"twitter:label2\" content=\"Geschatte leestijd\" \/>\n\t<meta name=\"twitter:data2\" content=\"1 minuut\" \/>\n<script type=\"application\/ld+json\" class=\"yoast-schema-graph\">{\"@context\":\"https:\\\/\\\/schema.org\",\"@graph\":[{\"@type\":\"Article\",\"@id\":\"https:\\\/\\\/www.maarkelsnieuws.nl\\\/?p=112468#article\",\"isPartOf\":{\"@id\":\"https:\\\/\\\/www.maarkelsnieuws.nl\\\/?p=112468\"},\"author\":{\"name\":\"Redactie18\",\"@id\":\"https:\\\/\\\/www.maarkelsnieuws.nl\\\/#\\\/schema\\\/person\\\/6715aee3dd4a12203d38193f78a0dade\"},\"headline\":\"Kerk krijgt multifunctionele invulling\",\"datePublished\":\"2022-11-17T15:10:21+00:00\",\"mainEntityOfPage\":{\"@id\":\"https:\\\/\\\/www.maarkelsnieuws.nl\\\/?p=112468\"},\"wordCount\":301,\"commentCount\":0,\"publisher\":{\"@id\":\"https:\\\/\\\/www.maarkelsnieuws.nl\\\/#organization\"},\"image\":{\"@id\":\"https:\\\/\\\/www.maarkelsnieuws.nl\\\/?p=112468#primaryimage\"},\"thumbnailUrl\":\"https:\\\/\\\/www.maarkelsnieuws.nl\\\/wp-content\\\/uploads\\\/2022\\\/08\\\/Martinuskerk-FSMN-20220819-2-1730.jpg\",\"articleSection\":[\"Algemeen\"],\"inLanguage\":\"nl-NL\",\"potentialAction\":[{\"@type\":\"CommentAction\",\"name\":\"Comment\",\"target\":[\"https:\\\/\\\/www.maarkelsnieuws.nl\\\/?p=112468#respond\"]}]},{\"@type\":\"WebPage\",\"@id\":\"https:\\\/\\\/www.maarkelsnieuws.nl\\\/?p=112468\",\"url\":\"https:\\\/\\\/www.maarkelsnieuws.nl\\\/?p=112468\",\"name\":\"Kerk krijgt multifunctionele invulling - Maarkelsnieuws.nl\",\"isPartOf\":{\"@id\":\"https:\\\/\\\/www.maarkelsnieuws.nl\\\/#website\"},\"primaryImageOfPage\":{\"@id\":\"https:\\\/\\\/www.maarkelsnieuws.nl\\\/?p=112468#primaryimage\"},\"image\":{\"@id\":\"https:\\\/\\\/www.maarkelsnieuws.nl\\\/?p=112468#primaryimage\"},\"thumbnailUrl\":\"https:\\\/\\\/www.maarkelsnieuws.nl\\\/wp-content\\\/uploads\\\/2022\\\/08\\\/Martinuskerk-FSMN-20220819-2-1730.jpg\",\"datePublished\":\"2022-11-17T15:10:21+00:00\",\"breadcrumb\":{\"@id\":\"https:\\\/\\\/www.maarkelsnieuws.nl\\\/?p=112468#breadcrumb\"},\"inLanguage\":\"nl-NL\",\"potentialAction\":[{\"@type\":\"ReadAction\",\"target\":[\"https:\\\/\\\/www.maarkelsnieuws.nl\\\/?p=112468\"]}]},{\"@type\":\"ImageObject\",\"inLanguage\":\"nl-NL\",\"@id\":\"https:\\\/\\\/www.maarkelsnieuws.nl\\\/?p=112468#primaryimage\",\"url\":\"https:\\\/\\\/www.maarkelsnieuws.nl\\\/wp-content\\\/uploads\\\/2022\\\/08\\\/Martinuskerk-FSMN-20220819-2-1730.jpg\",\"contentUrl\":\"https:\\\/\\\/www.maarkelsnieuws.nl\\\/wp-content\\\/uploads\\\/2022\\\/08\\\/Martinuskerk-FSMN-20220819-2-1730.jpg\",\"width\":1024,\"height\":681},{\"@type\":\"BreadcrumbList\",\"@id\":\"https:\\\/\\\/www.maarkelsnieuws.nl\\\/?p=112468#breadcrumb\",\"itemListElement\":[{\"@type\":\"ListItem\",\"position\":1,\"name\":\"Home\",\"item\":\"https:\\\/\\\/www.maarkelsnieuws.nl\\\/\"},{\"@type\":\"ListItem\",\"position\":2,\"name\":\"Kerk krijgt multifunctionele invulling\"}]},{\"@type\":\"WebSite\",\"@id\":\"https:\\\/\\\/www.maarkelsnieuws.nl\\\/#website\",\"url\":\"https:\\\/\\\/www.maarkelsnieuws.nl\\\/\",\"name\":\"Maarkelsnieuws.nl\",\"description\":\"D\u00e9 nieuwssite van en voor Markelo\",\"publisher\":{\"@id\":\"https:\\\/\\\/www.maarkelsnieuws.nl\\\/#organization\"},\"potentialAction\":[{\"@type\":\"SearchAction\",\"target\":{\"@type\":\"EntryPoint\",\"urlTemplate\":\"https:\\\/\\\/www.maarkelsnieuws.nl\\\/?s={search_term_string}\"},\"query-input\":{\"@type\":\"PropertyValueSpecification\",\"valueRequired\":true,\"valueName\":\"search_term_string\"}}],\"inLanguage\":\"nl-NL\"},{\"@type\":\"Organization\",\"@id\":\"https:\\\/\\\/www.maarkelsnieuws.nl\\\/#organization\",\"name\":\"Stichting Maarkelsnieuws\",\"alternateName\":\"Maarkelsnieuws\",\"url\":\"https:\\\/\\\/www.maarkelsnieuws.nl\\\/\",\"logo\":{\"@type\":\"ImageObject\",\"inLanguage\":\"nl-NL\",\"@id\":\"https:\\\/\\\/www.maarkelsnieuws.nl\\\/#\\\/schema\\\/logo\\\/image\\\/\",\"url\":\"https:\\\/\\\/www.maarkelsnieuws.nl\\\/wp-content\\\/uploads\\\/2016\\\/03\\\/maarkelsnieuws_logo.jpg\",\"contentUrl\":\"https:\\\/\\\/www.maarkelsnieuws.nl\\\/wp-content\\\/uploads\\\/2016\\\/03\\\/maarkelsnieuws_logo.jpg\",\"width\":200,\"height\":200,\"caption\":\"Stichting Maarkelsnieuws\"},\"image\":{\"@id\":\"https:\\\/\\\/www.maarkelsnieuws.nl\\\/#\\\/schema\\\/logo\\\/image\\\/\"},\"sameAs\":[\"https:\\\/\\\/www.facebook.com\\\/Maarkelsnieuws\",\"https:\\\/\\\/x.com\\\/maarkelsnieuws\",\"https:\\\/\\\/www.instagram.com\\\/maarkelsnieuws\\\/\"]},{\"@type\":\"Person\",\"@id\":\"https:\\\/\\\/www.maarkelsnieuws.nl\\\/#\\\/schema\\\/person\\\/6715aee3dd4a12203d38193f78a0dade\",\"name\":\"Redactie18\",\"image\":{\"@type\":\"ImageObject\",\"inLanguage\":\"nl-NL\",\"@id\":\"https:\\\/\\\/secure.gravatar.com\\\/avatar\\\/7cfe6c5d96338641fbb59a6390b6879e1e94fdeadbba58cda35fd2ff247f03dc?s=96&d=mm&r=g\",\"url\":\"https:\\\/\\\/secure.gravatar.com\\\/avatar\\\/7cfe6c5d96338641fbb59a6390b6879e1e94fdeadbba58cda35fd2ff247f03dc?s=96&d=mm&r=g\",\"contentUrl\":\"https:\\\/\\\/secure.gravatar.com\\\/avatar\\\/7cfe6c5d96338641fbb59a6390b6879e1e94fdeadbba58cda35fd2ff247f03dc?s=96&d=mm&r=g\",\"caption\":\"Redactie18\"},\"url\":\"https:\\\/\\\/www.maarkelsnieuws.nl\\\/?author=11\"}]}<\/script>\n<!-- \/ Yoast SEO plugin. -->","yoast_head_json":{"title":"Kerk krijgt multifunctionele invulling - Maarkelsnieuws.nl","robots":{"index":"index","follow":"follow","max-snippet":"max-snippet:-1","max-image-preview":"max-image-preview:large","max-video-preview":"max-video-preview:-1"},"canonical":"https:\/\/www.maarkelsnieuws.nl\/?p=112468","og_locale":"nl_NL","og_type":"article","og_title":"Kerk krijgt multifunctionele invulling - Maarkelsnieuws.nl","og_description":"De Martinuskerk moet een multifunctioneel gebouw worden als het aan de meerderheid van de Markelo\u00ebrs ligt die in oktober 2020 een online enqu\u00eate hebben ingevuld. Met dit gegeven en nog andere uitkomsten zijn de inmiddels afgestudeerde studenten Dani\u00eblle van Coeverden, Wies Veenhuis, Britt Pelupessy en Hanna Landeweerd van de Jan des Bouvrie Academy aan de [&hellip;]","og_url":"https:\/\/www.maarkelsnieuws.nl\/?p=112468","og_site_name":"Maarkelsnieuws.nl","article_publisher":"https:\/\/www.facebook.com\/Maarkelsnieuws","article_published_time":"2022-11-17T15:10:21+00:00","og_image":[{"width":1024,"height":681,"url":"https:\/\/www.maarkelsnieuws.nl\/wp-content\/uploads\/2022\/08\/Martinuskerk-FSMN-20220819-2-1730.jpg","type":"image\/jpeg"}],"author":"Redactie18","twitter_card":"summary_large_image","twitter_creator":"@maarkelsnieuws","twitter_site":"@maarkelsnieuws","twitter_misc":{"Geschreven door":"Redactie18","Geschatte leestijd":"1 minuut"},"schema":{"@context":"https:\/\/schema.org","@graph":[{"@type":"Article","@id":"https:\/\/www.maarkelsnieuws.nl\/?p=112468#article","isPartOf":{"@id":"https:\/\/www.maarkelsnieuws.nl\/?p=112468"},"author":{"name":"Redactie18","@id":"https:\/\/www.maarkelsnieuws.nl\/#\/schema\/person\/6715aee3dd4a12203d38193f78a0dade"},"headline":"Kerk krijgt multifunctionele invulling","datePublished":"2022-11-17T15:10:21+00:00","mainEntityOfPage":{"@id":"https:\/\/www.maarkelsnieuws.nl\/?p=112468"},"wordCount":301,"commentCount":0,"publisher":{"@id":"https:\/\/www.maarkelsnieuws.nl\/#organization"},"image":{"@id":"https:\/\/www.maarkelsnieuws.nl\/?p=112468#primaryimage"},"thumbnailUrl":"https:\/\/www.maarkelsnieuws.nl\/wp-content\/uploads\/2022\/08\/Martinuskerk-FSMN-20220819-2-1730.jpg","articleSection":["Algemeen"],"inLanguage":"nl-NL","potentialAction":[{"@type":"CommentAction","name":"Comment","target":["https:\/\/www.maarkelsnieuws.nl\/?p=112468#respond"]}]},{"@type":"WebPage","@id":"https:\/\/www.maarkelsnieuws.nl\/?p=112468","url":"https:\/\/www.maarkelsnieuws.nl\/?p=112468","name":"Kerk krijgt multifunctionele invulling - Maarkelsnieuws.nl","isPartOf":{"@id":"https:\/\/www.maarkelsnieuws.nl\/#website"},"primaryImageOfPage":{"@id":"https:\/\/www.maarkelsnieuws.nl\/?p=112468#primaryimage"},"image":{"@id":"https:\/\/www.maarkelsnieuws.nl\/?p=112468#primaryimage"},"thumbnailUrl":"https:\/\/www.maarkelsnieuws.nl\/wp-content\/uploads\/2022\/08\/Martinuskerk-FSMN-20220819-2-1730.jpg","datePublished":"2022-11-17T15:10:21+00:00","breadcrumb":{"@id":"https:\/\/www.maarkelsnieuws.nl\/?p=112468#breadcrumb"},"inLanguage":"nl-NL","potentialAction":[{"@type":"ReadAction","target":["https:\/\/www.maarkelsnieuws.nl\/?p=112468"]}]},{"@type":"ImageObject","inLanguage":"nl-NL","@id":"https:\/\/www.maarkelsnieuws.nl\/?p=112468#primaryimage","url":"https:\/\/www.maarkelsnieuws.nl\/wp-content\/uploads\/2022\/08\/Martinuskerk-FSMN-20220819-2-1730.jpg","contentUrl":"https:\/\/www.maarkelsnieuws.nl\/wp-content\/uploads\/2022\/08\/Martinuskerk-FSMN-20220819-2-1730.jpg","width":1024,"height":681},{"@type":"BreadcrumbList","@id":"https:\/\/www.maarkelsnieuws.nl\/?p=112468#breadcrumb","itemListElement":[{"@type":"ListItem","position":1,"name":"Home","item":"https:\/\/www.maarkelsnieuws.nl\/"},{"@type":"ListItem","position":2,"name":"Kerk krijgt multifunctionele invulling"}]},{"@type":"WebSite","@id":"https:\/\/www.maarkelsnieuws.nl\/#website","url":"https:\/\/www.maarkelsnieuws.nl\/","name":"Maarkelsnieuws.nl","description":"D\u00e9 nieuwssite van en voor Markelo","publisher":{"@id":"https:\/\/www.maarkelsnieuws.nl\/#organization"},"potentialAction":[{"@type":"SearchAction","target":{"@type":"EntryPoint","urlTemplate":"https:\/\/www.maarkelsnieuws.nl\/?s={search_term_string}"},"query-input":{"@type":"PropertyValueSpecification","valueRequired":true,"valueName":"search_term_string"}}],"inLanguage":"nl-NL"},{"@type":"Organization","@id":"https:\/\/www.maarkelsnieuws.nl\/#organization","name":"Stichting Maarkelsnieuws","alternateName":"Maarkelsnieuws","url":"https:\/\/www.maarkelsnieuws.nl\/","logo":{"@type":"ImageObject","inLanguage":"nl-NL","@id":"https:\/\/www.maarkelsnieuws.nl\/#\/schema\/logo\/image\/","url":"https:\/\/www.maarkelsnieuws.nl\/wp-content\/uploads\/2016\/03\/maarkelsnieuws_logo.jpg","contentUrl":"https:\/\/www.maarkelsnieuws.nl\/wp-content\/uploads\/2016\/03\/maarkelsnieuws_logo.jpg","width":200,"height":200,"caption":"Stichting Maarkelsnieuws"},"image":{"@id":"https:\/\/www.maarkelsnieuws.nl\/#\/schema\/logo\/image\/"},"sameAs":["https:\/\/www.facebook.com\/Maarkelsnieuws","https:\/\/x.com\/maarkelsnieuws","https:\/\/www.instagram.com\/maarkelsnieuws\/"]},{"@type":"Person","@id":"https:\/\/www.maarkelsnieuws.nl\/#\/schema\/person\/6715aee3dd4a12203d38193f78a0dade","name":"Redactie18","image":{"@type":"ImageObject","inLanguage":"nl-NL","@id":"https:\/\/secure.gravatar.com\/avatar\/7cfe6c5d96338641fbb59a6390b6879e1e94fdeadbba58cda35fd2ff247f03dc?s=96&d=mm&r=g","url":"https:\/\/secure.gravatar.com\/avatar\/7cfe6c5d96338641fbb59a6390b6879e1e94fdeadbba58cda35fd2ff247f03dc?s=96&d=mm&r=g","contentUrl":"https:\/\/secure.gravatar.com\/avatar\/7cfe6c5d96338641fbb59a6390b6879e1e94fdeadbba58cda35fd2ff247f03dc?s=96&d=mm&r=g","caption":"Redactie18"},"url":"https:\/\/www.maarkelsnieuws.nl\/?author=11"}]}},"_links":{"self":[{"href":"https:\/\/www.maarkelsnieuws.nl\/index.php?rest_route=\/wp\/v2\/posts\/112468","targetHints":{"allow":["GET"]}}],"collection":[{"href":"https:\/\/www.maarkelsnieuws.nl\/index.php?rest_route=\/wp\/v2\/posts"}],"about":[{"href":"https:\/\/www.maarkelsnieuws.nl\/index.php?rest_route=\/wp\/v2\/types\/post"}],"author":[{"embeddable":true,"href":"https:\/\/www.maarkelsnieuws.nl\/index.php?rest_route=\/wp\/v2\/users\/11"}],"replies":[{"embeddable":true,"href":"https:\/\/www.maarkelsnieuws.nl\/index.php?rest_route=%2Fwp%2Fv2%2Fcomments&post=112468"}],"version-history":[{"count":5,"href":"https:\/\/www.maarkelsnieuws.nl\/index.php?rest_route=\/wp\/v2\/posts\/112468\/revisions"}],"predecessor-version":[{"id":112478,"href":"https:\/\/www.maarkelsnieuws.nl\/index.php?rest_route=\/wp\/v2\/posts\/112468\/revisions\/112478"}],"wp:featuredmedia":[{"embeddable":true,"href":"https:\/\/www.maarkelsnieuws.nl\/index.php?rest_route=\/wp\/v2\/media\/110026"}],"wp:attachment":[{"href":"https:\/\/www.maarkelsnieuws.nl\/index.php?rest_route=%2Fwp%2Fv2%2Fmedia&parent=112468"}],"wp:term":[{"taxonomy":"category","embeddable":true,"href":"https:\/\/www.maarkelsnieuws.nl\/index.php?rest_route=%2Fwp%2Fv2%2Fcategories&post=112468"},{"taxonomy":"post_tag","embeddable":true,"href":"https:\/\/www.maarkelsnieuws.nl\/index.php?rest_route=%2Fwp%2Fv2%2Ftags&post=112468"}],"curies":[{"name":"wp","href":"https:\/\/api.w.org\/{rel}","templated":true}]}}